{"id":4917,"date":"2018-07-30T20:44:55","date_gmt":"2018-07-30T23:44:55","guid":{"rendered":"https:\/\/hostnetart.com.br\/baixada\/participantes-dos-fundos-de-pensao-no-modelo-cd-da-fundacao-itau-unibanco-tem-ate-terca-feira-para-optar-pela-troca-de-perfil\/"},"modified":"2018-07-30T20:44:55","modified_gmt":"2018-07-30T23:44:55","slug":"participantes-dos-fundos-de-pensao-no-modelo-cd-da-fundacao-itau-unibanco-tem-ate-terca-feira-para-optar-pela-troca-de-perfil","status":"publish","type":"post","link":"https:\/\/hostnetart.com.br\/baixada\/participantes-dos-fundos-de-pensao-no-modelo-cd-da-fundacao-itau-unibanco-tem-ate-terca-feira-para-optar-pela-troca-de-perfil\/","title":{"rendered":"Participantes dos fundos de pens\u00e3o no modelo CD da Funda\u00e7\u00e3o Ita\u00fa \u2013 Unibanco tem at\u00e9 ter\u00e7a-feira para optar pela troca de perfil"},"content":{"rendered":"<div class=\"content\">\n<p>Os participantes dos fundos de pens\u00e3o no modelo CD da Funda\u00e7\u00e3o Ita\u00fa &#8211; Unibanco (Iatubanco CD, Fundo Inteligente, etc.), tem at\u00e9 \u00e0s 23h59 desta ter\u00e7a-feira (31), para optar ou n\u00e3o pela troca do perfil de investimentos dos seus recursos de poupan\u00e7a previdenci\u00e1ria. Hoje os participantes desses fundos podem optar por uma carteira de investimentos mais arrojada, mais agressiva, baseado em um percentual maior investido no mercado de a\u00e7\u00f5es, com expectativa de maiores ganhos no futuro, ou optar por perfis de investimentos mais seguros e prudentes de forma a proteger seus recursos de eventuais turbul\u00eancias econ\u00f4micas e pol\u00edticas.<\/p>\n<p>A escolha de um perfil de investimento no caso dos fundos de pens\u00e3o devem considerar, a propens\u00e3o e compreens\u00e3o do participante de &#8220;arriscar mais&#8221; e ter uma fatia maior de suas reservas em renda vari\u00e1vel, mas tamb\u00e9m o tempo que a pessoa projeta para se aposentar, e, quanto de reservas ainda possui e considerar assim os riscos envolvidos em perfis mais arrojados.<\/p>\n<p>A conselheira \u00c9rica Godoy lembra que \u00e9 uma decis\u00e3o bastante pessoal, mas que deve ser tomada com bastante cuidado. \u201cO momento \u00e9 de muitas incertezas. A perspectiva de melhora econ\u00f4mica no curto, m\u00e9dio e longo prazo \u00e9 bastante duvidosa, na medida em que onde se registra crescimento, este n\u00e3o est\u00e1 ligado a um crescimento sustent\u00e1vel e que beneficie o conjunto da sociedade. A macro economia d\u00e1 sinais evidentes de caminhar para uma ratoeira e a micro economia vem caminhando na base &#8220;estamos nos virando como podemos&#8221;. Al\u00e9m disso, a economia internacional ainda indica que h\u00e1 muitas incertezas e do ponto de vista econ\u00f4mico geral, verifica-se uma certa paralisia. Esses fen\u00f4menos econ\u00f4micos n\u00e3o s\u00e3o exatamente seguros para um participante de fundo de pens\u00e3o. Tamb\u00e9m h\u00e1 a influ\u00eancia pol\u00edtica negativa do momento. Al\u00e9m da ilegitimidade do atual &#8220;governo&#8221; e sua consequente falta de autoridade tanto em termos nacionais como internacionais, as elei\u00e7\u00f5es trazem ainda mais incertezas e gera muita inseguran\u00e7a, o que tem levado muitos pequenos investidores e empres\u00e1rios a ter atitude de cautela frente \u00e0 um cen\u00e1rio muito incerto. Nesse momento, embora seja uma decis\u00e3o estritamente pessoal, talvez a prud\u00eancia seja o melhor mecanismo de prote\u00e7\u00e3o dos recursos financeiros de quem participa de um fundo de pens\u00e3o. Proteger os recursos nesses momentos incertos e turbulentos podem ser uma boa op\u00e7\u00e3o.\u201d<\/p>\n<p>Para ela, n\u00e3o d\u00e1 para afirmar que entre o dia de hoje e mar\u00e7o de 2019 (quando poder\u00e1 mudar novamente nosso perfil de investimento na Funda\u00e7\u00e3o) que tudo permanecer\u00e1 ruim e que quem tem parte de seus recursos em renda vari\u00e1vel ir\u00e1 perder dinheiro. \u201cPode ocorrer justamente o contr\u00e1rio, mas em se tratando de reservas de complemento previdenci\u00e1rio, proteger as reservas talvez seja mais importante do que arriscar em perfis mais arrojados. Os participantes podem observar as rentabilidades dos \u00faltimos meses em cada perfil, e devem analisar a situa\u00e7\u00e3o econ\u00f4mica e pol\u00edtica do Brasil para os pr\u00f3ximos meses e avaliar se \u00e9 hora de arriscar mais ou agir com prud\u00eancia. O importante \u00e9 que cada participante tenha claro que suas reservas na Funda\u00e7\u00e3o s\u00e3o reservas voltadas para um complemento previdenci\u00e1rio futuro e avaliar se o melhor nesse momento \u00e9 proteger essas reservas \u00e9 um fator de suma import\u00e2ncia.\u201d<\/p>\n<p>Os participantes podem acessar o site da Funda\u00e7\u00e3o pelo site ou pelo aplicativo e fazer uma avalia\u00e7\u00e3o das rentabilidades de cada perfil dispon\u00edvel e combinar isso com a perspectiva econ\u00f4mica e pol\u00edtica desse per\u00edodo. Quem optar por alterar seu perfil de investimento agora poder\u00e1 modific\u00e1-lo novamente em mar\u00e7o do ano que vem.<\/p>\n<\/div>\n<p id=\"page-author\"><strong>Fonte: Contraf-CUT<\/strong><\/p>\n","protected":false},"excerpt":{"rendered":"<p>Os participantes dos fundos de pens\u00e3o no modelo CD da Funda\u00e7\u00e3o Ita\u00fa &#8211; Unibanco (Iatubanco CD, Fundo Inteligente, etc.), tem at\u00e9 \u00e0s 23h59 desta ter\u00e7a-feira (31), para optar ou n\u00e3o pela troca do perfil de investimentos dos seus recursos de poupan\u00e7a previdenci\u00e1ria. Hoje os participantes desses fundos podem optar por uma carteira de investimentos mais [&hellip;]<\/p>\n","protected":false},"author":2,"featured_media":4916,"comment_status":"","ping_status":"","sticky":false,"template":"","format":"standard","meta":{"footnotes":""},"categories":[3],"tags":[],"class_list":["post-4917","post","type-post","status-publish","format-standard","has-post-thumbnail","hentry","category-noticias"],"_links":{"self":[{"href":"https:\/\/hostnetart.com.br\/baixada\/wp-json\/wp\/v2\/posts\/4917","targetHints":{"allow":["GET"]}}],"collection":[{"href":"https:\/\/hostnetart.com.br\/baixada\/wp-json\/wp\/v2\/posts"}],"about":[{"href":"https:\/\/hostnetart.com.br\/baixada\/wp-json\/wp\/v2\/types\/post"}],"author":[{"embeddable":true,"href":"https:\/\/hostnetart.com.br\/baixada\/wp-json\/wp\/v2\/users\/2"}],"replies":[{"embeddable":true,"href":"https:\/\/hostnetart.com.br\/baixada\/wp-json\/wp\/v2\/comments?post=4917"}],"version-history":[{"count":0,"href":"https:\/\/hostnetart.com.br\/baixada\/wp-json\/wp\/v2\/posts\/4917\/revisions"}],"wp:featuredmedia":[{"embeddable":true,"href":"https:\/\/hostnetart.com.br\/baixada\/wp-json\/wp\/v2\/media\/4916"}],"wp:attachment":[{"href":"https:\/\/hostnetart.com.br\/baixada\/wp-json\/wp\/v2\/media?parent=4917"}],"wp:term":[{"taxonomy":"category","embeddable":true,"href":"https:\/\/hostnetart.com.br\/baixada\/wp-json\/wp\/v2\/categories?post=4917"},{"taxonomy":"post_tag","embeddable":true,"href":"https:\/\/hostnetart.com.br\/baixada\/wp-json\/wp\/v2\/tags?post=4917"}],"curies":[{"name":"wp","href":"https:\/\/api.w.org\/{rel}","templated":true}]}}