{"id":4911,"date":"2018-07-30T20:42:39","date_gmt":"2018-07-30T23:42:39","guid":{"rendered":"https:\/\/hostnetart.com.br\/baixada\/caixa-plr-e-plr-social-ameacados\/"},"modified":"2018-07-30T20:42:39","modified_gmt":"2018-07-30T23:42:39","slug":"caixa-plr-e-plr-social-ameacados","status":"publish","type":"post","link":"https:\/\/hostnetart.com.br\/baixada\/caixa-plr-e-plr-social-ameacados\/","title":{"rendered":"Caixa: PLR e PLR Social ameacados"},"content":{"rendered":"<div class=\"content\">\n<p>A cada negocia\u00e7\u00e3o com a dire\u00e7\u00e3o da Caixa fica clara que a mobiliza\u00e7\u00e3o dos empregados \u00e9 fundamental para evitar o retrocesso. A amea\u00e7a da vez \u00e9 sobre a Participa\u00e7\u00e3o nos Lucros e Resultados. Apesar de garantir na mesa de negocia\u00e7\u00e3o do dia 20 de junho que vai seguir a regra definida pela Federa\u00e7\u00e3o Nacional dos Bancos (Fenaban), o banco alegou tamb\u00e9m que n\u00e3o tem autoriza\u00e7\u00e3o do pagamento da PLR social.<\/p>\n<p>Segundo a dire\u00e7\u00e3o do banco, o limite da soma da PLR est\u00e1 limitada pelo governo. A regra mencionada seria 25% do que for pago de dividendos no tesouro. Com base nos \u00faltmos anos, fica em 6,25 % do lucro liquido.<\/p>\n<p>O posicionamento do banco \u00e9 baseado na \u00faltima mudan\u00e7a do estatudo, feita em 2017 pelo Conselho de Administra\u00e7\u00e3o (CA). Desde ent\u00e3o, o pagamento da PLR deve seguir os preceitos legais, o que significa seguir a lei original da Participa\u00e7\u00e3o nos Lucros e Resultados, promulgada no ano 2000 (lei 10.101). Hoje o pagamento da PLR na Caixa consta do acordo coletivo firmado com os representantes dos trabalhadores, mas como se trata de um c\u00e1lculo com muitas vari\u00e1veis, a inclus\u00e3o dessa cl\u00e1usula no estatuto impedir\u00e1 uma efetiva negocia\u00e7\u00e3o e poder\u00e1 resultar em controv\u00e9rsias e perdas para os empregados do banco.<\/p>\n<p>O banco vem buscando cada vez mais a lucratividade ao inv\u00e9s do crescimento do banco, com tarifas e taxas de juros cada vez mais altas. Por outro lado, a gente v\u00ea o governo buscando a redu\u00e7\u00e3o do banco, com a redu\u00e7\u00e3o das carteiras de cr\u00e9dito, redu\u00e7\u00e3o das ofertas de cr\u00e9dito \u00e0 popula\u00e7\u00e3o e com a descapitaliza\u00e7\u00e3o da Caixa e com o corte de direitos dos empregados\u201d, afirmou Dion\u00edsio Reis, coordenador da Comiss\u00e3o Executiva dos Empregados da Caixa (CEE\/ Caixa). \u201cOs empregados devem se mobilizar para resist\u00eancia que \u00e9 a \u00fanica forma de reverter essas medidas do governo.\u201d<\/p>\n<p>Sa\u00fade Caixa<\/p>\n<p>Na terceira rodada de negocia\u00e7\u00e3o espec\u00edfica entre os representantes dos empregados com a Caixa Econ\u00f4mica Federal, realizada na quinta-feira (26), em Bras\u00edlia, o banco reafirmou que a resolu\u00e7\u00e3o 23 da Comiss\u00e3o Interministerial de Governan\u00e7a Corporativa e de Administra\u00e7\u00e3o de Participa\u00e7\u00f5es Societ\u00e1rias da Uni\u00e3o (CGPAR) ser\u00e1 utilizada como par\u00e2metro para as decis\u00f5es em rela\u00e7\u00e3o ao Sa\u00fade Caixa, tanto durante as negocia\u00e7\u00f5es da Campanha Nacional dos Banc\u00e1rios 2018 quanto na mesa espec\u00edfica de negocia\u00e7\u00f5es. Nesta terceira rodada de negocia\u00e7\u00f5es, al\u00e9m do Sa\u00fade Caixa, foram debatidas quest\u00f5es referente \u00e0 Funcef (fundo de previd\u00eancia dos empregados).<\/p>\n<p>Para os representantes dos trabalhadores essa determina\u00e7\u00e3o do governo onera o associado do Sa\u00fade Caixa, quebra o princ\u00edpio de solidariedade, excluem aposentados, imp\u00f5em per\u00edodos de car\u00eancias e permitem cobran\u00e7a de franquias, acabando com a cobran\u00e7a de mensalidade \u00fanica por fam\u00edlia, trazendo novas restri\u00e7\u00f5es para dependentes, vetando a oferta do plano em novos concursos e proibindo a entrada de novos associados.<\/p>\n<p>Leia mais:<\/p>\n<p><strong>&gt;<\/strong>\u00a0<a href=\"http:\/\/www.contrafcut.org.br\/noticias\/contraf-cut-cobra-e-caixa-nega-garantia-de-direitos-dos-empregados-fdd4\/\">Contraf-CUT cobra e Caixa nega garantia de direitos dos empregados<\/a><\/p>\n<p>\u00a0<strong>&gt;<\/strong>\u00a0<em><ins><a href=\"http:\/\/www.contrafcut.org.br\/noticias\/caixa-nao-assina-garantias-contra-a-reforma-trabalhista-0bb8\" target=\"_blank\" rel=\"noopener noreferrer\">Caixa n\u00e3o assina garantias contra a reforma trabalhista<\/a><\/ins><\/em><br \/> \u00a0\u00a0\u00a0\u00a0\u00a0<strong>&gt;<\/strong>\u00a0<em><ins><a href=\"http:\/\/www.contrafcut.org.br\/noticias\/contraf-cut-garante-calendario-de-negociacoes-com-a-caixa-1530\/\" target=\"_blank\" rel=\"noopener noreferrer\">Contraf-CUT garante calend\u00e1rio de negocia\u00e7\u00f5es com a Caixa<\/a><\/ins><\/em><br \/> \u00a0\u00a0\u00a0\u00a0\u00a0<strong>&gt;<\/strong>\u00a0<em><ins><a href=\"http:\/\/spbancarios.com.br\/06\/2018\/previ-funcef-e-demais-fundos-de-pensao-sob-ameaca\" target=\"_blank\" rel=\"noopener noreferrer\">Previ, Funcef e demais fundos de pens\u00e3o sob amea\u00e7a<\/a><\/ins><\/em><\/p>\n<\/div>\n<p id=\"page-author\"><strong>Fonte: Contraf-CUT<\/strong><\/p>\n","protected":false},"excerpt":{"rendered":"<p>A cada negocia\u00e7\u00e3o com a dire\u00e7\u00e3o da Caixa fica clara que a mobiliza\u00e7\u00e3o dos empregados \u00e9 fundamental para evitar o retrocesso. A amea\u00e7a da vez \u00e9 sobre a Participa\u00e7\u00e3o nos Lucros e Resultados. Apesar de garantir na mesa de negocia\u00e7\u00e3o do dia 20 de junho que vai seguir a regra definida pela Federa\u00e7\u00e3o Nacional dos [&hellip;]<\/p>\n","protected":false},"author":2,"featured_media":4910,"comment_status":"","ping_status":"","sticky":false,"template":"","format":"standard","meta":{"footnotes":""},"categories":[3],"tags":[],"class_list":["post-4911","post","type-post","status-publish","format-standard","has-post-thumbnail","hentry","category-noticias"],"_links":{"self":[{"href":"https:\/\/hostnetart.com.br\/baixada\/wp-json\/wp\/v2\/posts\/4911","targetHints":{"allow":["GET"]}}],"collection":[{"href":"https:\/\/hostnetart.com.br\/baixada\/wp-json\/wp\/v2\/posts"}],"about":[{"href":"https:\/\/hostnetart.com.br\/baixada\/wp-json\/wp\/v2\/types\/post"}],"author":[{"embeddable":true,"href":"https:\/\/hostnetart.com.br\/baixada\/wp-json\/wp\/v2\/users\/2"}],"replies":[{"embeddable":true,"href":"https:\/\/hostnetart.com.br\/baixada\/wp-json\/wp\/v2\/comments?post=4911"}],"version-history":[{"count":0,"href":"https:\/\/hostnetart.com.br\/baixada\/wp-json\/wp\/v2\/posts\/4911\/revisions"}],"wp:featuredmedia":[{"embeddable":true,"href":"https:\/\/hostnetart.com.br\/baixada\/wp-json\/wp\/v2\/media\/4910"}],"wp:attachment":[{"href":"https:\/\/hostnetart.com.br\/baixada\/wp-json\/wp\/v2\/media?parent=4911"}],"wp:term":[{"taxonomy":"category","embeddable":true,"href":"https:\/\/hostnetart.com.br\/baixada\/wp-json\/wp\/v2\/categories?post=4911"},{"taxonomy":"post_tag","embeddable":true,"href":"https:\/\/hostnetart.com.br\/baixada\/wp-json\/wp\/v2\/tags?post=4911"}],"curies":[{"name":"wp","href":"https:\/\/api.w.org\/{rel}","templated":true}]}}