{"id":4901,"date":"2018-07-27T12:17:31","date_gmt":"2018-07-27T15:17:31","guid":{"rendered":"https:\/\/hostnetart.com.br\/baixada\/10-de-agosto-sera-o-dia-do-basta\/"},"modified":"2018-07-27T12:17:31","modified_gmt":"2018-07-27T15:17:31","slug":"10-de-agosto-sera-o-dia-do-basta","status":"publish","type":"post","link":"https:\/\/hostnetart.com.br\/baixada\/10-de-agosto-sera-o-dia-do-basta\/","title":{"rendered":"10 de agosto ser\u00e1 o Dia do Basta!"},"content":{"rendered":"<div class=\"content\">\n<p>Pr\u00f3ximo da realiza\u00e7\u00e3o das duas grandes manifesta\u00e7\u00f5es agendadas para os dias 10 e 15 de agosto, a Executiva Nacional da CUT, reunida nesta quarta-feira (25), em S\u00e3o Paulo, convocou a milit\u00e2ncia CUTista para participar dos atos marcados.<\/p>\n<p>No Dia do Basta, 10 de agosto, haver\u00e1 manifesta\u00e7\u00f5es por todo Brasil chamada pela CUT e demais centrais sindicais com apoio das Frentes Brasil Popular e Povo Sem Medo e de v\u00e1rios movimentos sociais.<\/p>\n<p>\u00a0\u201cTemos condi\u00e7\u00f5es de fazer uma grande mobiliza\u00e7\u00e3o no dia 10 para dizer basta ao desemprego, basta de pol\u00edtica de pre\u00e7os da Petrobras, com reajustes di\u00e1rios. Basta de retirada de direitos, entre tantas maldades deste governo golpista\u201d, diz o presidente da CUT, Vagner Freitas.<\/p>\n<p>As plen\u00e1rias interestaduais da CUT, que est\u00e3o acontecendo pelo pa\u00eds, visam o fortalecimento da mobiliza\u00e7\u00e3o de trabalhadores e trabalhadoras.<\/p>\n<p>Os sindicalistas CUTistas promovem ainda as plen\u00e1rias estaduais para potencializar a luta pela retomada de direitos. Nos encontros, al\u00e9m das mobiliza\u00e7\u00f5es, a CUT est\u00e1 construindo a campanha Lula Livre e lan\u00e7ando a Plataforma da central para as elei\u00e7\u00f5es deste ano.<\/p>\n<p>Segundo Vagner Freitas, os sindicatos precisam fazer esse enfrentamento e n\u00e3o permitir a conclus\u00e3o do golpe jur\u00eddico, parlamentar e midi\u00e1tico, elegendo o candidato de Temer (MDB-SP) e do mercado financeiro que querem colocar a pol\u00edtica da elite que \u00e9 contra o trabalhador.<\/p>\n<p>\u201cO candidato da direita tamb\u00e9m quer acabar com direitos, sucatear as empresas p\u00fablicas, privatizar a educa\u00e7\u00e3o e a sa\u00fade, entre outros ataques \u00e0 classe trabalhadora. Esse \u00e9 o candidato do golpe que atrasou o Brasil e \u00e9 o candidato de Temer, que al\u00e9m de ileg\u00edtimo e golpista, \u00e9 o mais rejeitado da hist\u00f3ria\u201d, destacou Vagner.<\/p>\n<p>Para o presidente da CUT, a disputa eleitoral ter\u00e1 um tom de luta de classes.<\/p>\n<p>\u201cA candidatura da direita al\u00e9m de ser da situa\u00e7\u00e3o, tem apoio do mercado, da base governista e com coaliza\u00e7\u00e3o de partidos do parlamento. O nosso candidato tem o voto do povo, como mostram as pesquisas. Lula j\u00e1 disse que vai revogar todas as medidas de Temer e governar para o trabalhador. Ent\u00e3o as op\u00e7\u00f5es ser\u00e3o um governo de trabalhador com inclus\u00e3o social ou com o mercado e os golpistas com exclus\u00e3o\u201d, afirma.<\/p>\n<p>\u00a0\u201cEles n\u00e3o t\u00eam vacina ou um ant\u00eddoto capaz de enfrentar Lula nas urnas. Tentaram at\u00e9 o fim. Julgaram, condenaram e prenderam tentando tir\u00e1-lo da disputa achando que Lula ia sumir nas pesquisas eleitorais, mas ele lidera a inten\u00e7\u00f5es de voto mesmo preso pol\u00edtico. Essa estrat\u00e9gia foi boa para eles, porque se Lula estivesse solto fazendo as caravanas pelo Pa\u00eds, neste momento as pesquisas iam confirmar que ele estaria eleito no primeiro turno\u201d, finalizou o presidente da CUT.<\/p>\n<p><strong>15 de agosto \u2013 Registro de candidatura de Lula \u00e0 presid\u00eancia<\/strong><\/p>\n<p>No dia 15 de agosto, dia do prazo para registrar a candidatura de Lula \u00e0 presid\u00eancia da Rep\u00fablica, milhares de pessoas dever\u00e3o ocupar o Brasil para defender a participa\u00e7\u00e3o do ex-presidente.<\/p>\n<p>\u201cLula \u00e9 candidato e a efetiva\u00e7\u00e3o desta disputa ser\u00e1 feita em 15 de agosto. A direita j\u00e1 tem seu candidato, mas o medo n\u00e3o \u00e9 do Partido dos Trabalhadores (PT), do Movimento dos Sem Terra e nem da CUT, o medo deles \u00e9 do Lula\u201d, afirmou o presidente da CUT, Vagner Freitas.<\/p>\n<p>Segundo ele, a CUT n\u00e3o tem plano B. Lula \u00e9 o candidato da classe trabalhadora, que saber\u00e1 demonstrar a sua insatisfa\u00e7\u00e3o com o momento pol\u00edtico nas urnas.<\/p>\n<p>\u201cTemos o melhor candidato e a melhor milit\u00e2ncia. Nossa tarefa priorit\u00e1ria \u00e9 vencer a elei\u00e7\u00e3o e temos a verdadeira possibilidade da vit\u00f3ria, desde que o nosso time esteja nas ruas acreditando e jogando o tempo todo. O que define a arma que temos \u00e9 vencer a elei\u00e7\u00e3o com um programa de governo transformador, que n\u00e3o deixe d\u00favidas do por que escolhemos Lula e o que ele vai fazer para trazer de volta a felicidade e a dignidade dos brasileiros e das brasileiras\u201d, afirmou Vagner, que finalizou: \u201cLula livre, lula Inocente e Lula presidente!\u201d<\/p>\n<p>\u00a0<\/p>\n<p><strong>10 de Agosto \u2013 Dia do Basta<\/strong><\/p>\n<p>E para dar um basta aos desmandos do governo ileg\u00edtimo de Temer e as medidas de retirada de direitos dos trabalhadores, como a reforma trabalhista, a pol\u00edtica de pre\u00e7os dos derivados de petr\u00f3leo e pelo direito de Lula ser candidato \u00e0s pr\u00f3ximas elei\u00e7\u00f5es, a CUT e demais centrais sindicais realizar\u00e3o o Dia do Basta, em 10 de agosto, com paralisa\u00e7\u00f5es, atrasos de turnos e atos nos locais de trabalho e nas pra\u00e7as p\u00fablicas de grande circula\u00e7\u00e3o de todo o Pa\u00eds.<\/p>\n<p>Cada cidade do pa\u00eds ter\u00e1 seu local de realiza\u00e7\u00e3o de atos. Em S\u00e3o Paulo ser\u00e1 na Avenida Paulista, na altura do n\u00ba1313, em frente \u00e0 Fiesp, a partir das 10h da manh\u00e3.<\/p>\n<\/div>\n<p id=\"page-author\"><span style=\"text-decoration: underline;\"><em><strong>Fonte: CUT Nacional e editado por Contraf-CUT<\/strong><\/em><\/span><\/p>\n","protected":false},"excerpt":{"rendered":"<p>Pr\u00f3ximo da realiza\u00e7\u00e3o das duas grandes manifesta\u00e7\u00f5es agendadas para os dias 10 e 15 de agosto, a Executiva Nacional da CUT, reunida nesta quarta-feira (25), em S\u00e3o Paulo, convocou a milit\u00e2ncia CUTista para participar dos atos marcados. No Dia do Basta, 10 de agosto, haver\u00e1 manifesta\u00e7\u00f5es por todo Brasil chamada pela CUT e demais centrais [&hellip;]<\/p>\n","protected":false},"author":2,"featured_media":4900,"comment_status":"","ping_status":"","sticky":false,"template":"","format":"standard","meta":{"footnotes":""},"categories":[3],"tags":[],"class_list":["post-4901","post","type-post","status-publish","format-standard","has-post-thumbnail","hentry","category-noticias"],"_links":{"self":[{"href":"https:\/\/hostnetart.com.br\/baixada\/wp-json\/wp\/v2\/posts\/4901","targetHints":{"allow":["GET"]}}],"collection":[{"href":"https:\/\/hostnetart.com.br\/baixada\/wp-json\/wp\/v2\/posts"}],"about":[{"href":"https:\/\/hostnetart.com.br\/baixada\/wp-json\/wp\/v2\/types\/post"}],"author":[{"embeddable":true,"href":"https:\/\/hostnetart.com.br\/baixada\/wp-json\/wp\/v2\/users\/2"}],"replies":[{"embeddable":true,"href":"https:\/\/hostnetart.com.br\/baixada\/wp-json\/wp\/v2\/comments?post=4901"}],"version-history":[{"count":0,"href":"https:\/\/hostnetart.com.br\/baixada\/wp-json\/wp\/v2\/posts\/4901\/revisions"}],"wp:featuredmedia":[{"embeddable":true,"href":"https:\/\/hostnetart.com.br\/baixada\/wp-json\/wp\/v2\/media\/4900"}],"wp:attachment":[{"href":"https:\/\/hostnetart.com.br\/baixada\/wp-json\/wp\/v2\/media?parent=4901"}],"wp:term":[{"taxonomy":"category","embeddable":true,"href":"https:\/\/hostnetart.com.br\/baixada\/wp-json\/wp\/v2\/categories?post=4901"},{"taxonomy":"post_tag","embeddable":true,"href":"https:\/\/hostnetart.com.br\/baixada\/wp-json\/wp\/v2\/tags?post=4901"}],"curies":[{"name":"wp","href":"https:\/\/api.w.org\/{rel}","templated":true}]}}