{"id":4895,"date":"2018-07-26T13:36:33","date_gmt":"2018-07-26T16:36:33","guid":{"rendered":"https:\/\/hostnetart.com.br\/baixada\/comissao-da-verdade-aponta-aumento-da-violencia-durante-intervencao-no-rio\/"},"modified":"2018-07-26T13:36:33","modified_gmt":"2018-07-26T16:36:33","slug":"comissao-da-verdade-aponta-aumento-da-violencia-durante-intervencao-no-rio","status":"publish","type":"post","link":"https:\/\/hostnetart.com.br\/baixada\/comissao-da-verdade-aponta-aumento-da-violencia-durante-intervencao-no-rio\/","title":{"rendered":"Comiss\u00e3o da Verdade aponta aumento da viol\u00eancia durante interven\u00e7\u00e3o no Rio"},"content":{"rendered":"<p>A interven\u00e7\u00e3o federal no Rio de Janeiro,\u00a0<a class=\"internal-link\" title=\"\" href=\"https:\/\/www.redebrasilatual.com.br\/blogs\/blog-na-rede\/2018\/04\/o-ovo-de-serpente-da-intervencao-no-rio\" target=\"_blank\" rel=\"noopener noreferrer\">iniciada em fevereiro<\/a>, n\u00e3o conseguiu conter a inseguran\u00e7a no estado e ainda provocou o aumento da viol\u00eancia nas favelas e na periferia. A conclus\u00e3o \u00e9 da Comiss\u00e3o Popular da Verdade, que divulgou o relat\u00f3rio denunciando a situa\u00e7\u00e3o de militariza\u00e7\u00e3o, nesta quarta-feira (25).<\/p>\n<p>O documento aponta o aumento das taxas de letalidade,\u00a0<a class=\"internal-link\" title=\"\" href=\"https:\/\/www.redebrasilatual.com.br\/cidadania\/2018\/04\/em-dois-meses-de-intervencao-tiroteios-e-chacinas-aumentaram-no-rj\" target=\"_blank\" rel=\"noopener noreferrer\">tiroteios e chacinas<\/a>\u00a0em todo o territ\u00f3rio fluminense,\u00a0<a class=\"internal-link\" title=\"\" href=\"https:\/\/www.redebrasilatual.com.br\/politica\/2018\/03\/intervencao-no-rio-escancara-apartheid-social-que-toma-conta-do-pais\" target=\"_blank\" rel=\"noopener noreferrer\">principalmente nas periferias e favelas<\/a>\u00a0dos centros urbanos. &#8220;Muito pr\u00f3ximo \u00e0s escolas do Campus Mar\u00e9 2 e a creche na Vila dos Pinheiros registramos mais de 100 marcas de tiros no ch\u00e3o&#8221;, relata Marcelo Dias, do Movimento Negro Unificado.<\/p>\n<p>O\u00a0n\u00famero de tiroteios, por exemplo,\u00a0cresceu 60%\u00a0nos meses de interven\u00e7\u00e3o, em rela\u00e7\u00e3o ao mesmo per\u00edodo do ano passado, somando 4.005 registros em 2018, frente aos\u00a02.503\u00a0registros\u00a0em\u00a02017. &#8220;Observa-se tamb\u00e9m um aumento de 53% nas mortes ocasionadas em a\u00e7\u00f5es policiais. Salta de 125 casos para 191 dados&#8221;, conta a l\u00edder comunit\u00e1ria do Jacarezinho, Fab\u00edola Alves.<\/p>\n<p>Segundo o texto publicado, os dados apontam que, ap\u00f3s cinco meses de interven\u00e7\u00e3o, o\u00a0<a class=\"internal-link\" title=\"\" href=\"https:\/\/www.redebrasilatual.com.br\/cidadania\/2018\/07\/intervencao-militar-no-rio-jogou-no-lixo-ideias-de-seguranca-acumuladas-ha-decadas\" target=\"_blank\" rel=\"noopener noreferrer\">combate \u00e0 viol\u00eancia n\u00e3o melhorou<\/a>.\u00a0As conclus\u00f5es apontam para o agravamento de uma situa\u00e7\u00e3o que j\u00e1 era preocupante antes da chegada das for\u00e7as armadas.\u00a0&#8220;O que n\u00f3s temos assistido \u00e9 um aumento da viol\u00eancia, principalmente nas periferias. \u00c0s vezes, nas favelas, a gente nem consegue tomar muito conhecimento porque a coisa \u00e9 escondida&#8221;, lamenta Dilceia Quintela, integrante da comiss\u00e3o.<\/p>\n<p>A Federa\u00e7\u00e3o das Organiza\u00e7\u00f5es de Moradores de Favelas considera que a solu\u00e7\u00e3o para a viol\u00eancia\u00a0<a class=\"internal-link\" title=\"\" href=\"https:\/\/www.redebrasilatual.com.br\/politica\/2018\/02\/intervencao-no-rio-de-janeiro-vai-terminar-em-tragedia-diz-pedro-serrano\" target=\"_blank\" rel=\"noopener noreferrer\">n\u00e3o passa pela militariza\u00e7\u00e3<\/a>o. J\u00e1 a m\u00e3e da vereadora Marielle Franco (Psol),\u00a0<a class=\"internal-link\" title=\"\" href=\"https:\/\/www.redebrasilatual.com.br\/politica\/2018\/03\/assassinato-de-marielle-franco-aumenta-pressao-sobre-intervencao\" target=\"_blank\" rel=\"noopener noreferrer\">assassinada em mar\u00e7o<\/a>, prestou solidariedade e lembrou do posicionamento da parlamentar. &#8220;Ela falava que n\u00e3o queria que a interven\u00e7\u00e3o fosse nesse n\u00edvel, ela estava lutando contra isso, para ser de uma maneira clara, mas foi uma v\u00edtima&#8221;, afirma M\u00f4nica Cunha.<\/p>\n<p>A Comiss\u00e3o Popular da Verdade tenta, sem sucesso, entregar as conclus\u00f5es para o interventor e pretende denunciar que o caos na seguran\u00e7a \u00e9 de responsabilidade do governo Temer. &#8220;Esse relat\u00f3rio al\u00e9m de ser encaminhado \u00e0s comiss\u00f5es do Legislativo para que possam fazer alguma coisa&#8221;, acrescenta Virg\u00ednia Berriel, tamb\u00e9m integrante da comiss\u00e3o.<\/p>\n<p>\u00a0<\/p>\n<p><strong>FONTE: Rede Brasil Atual<\/strong><\/p>\n","protected":false},"excerpt":{"rendered":"<p>A interven\u00e7\u00e3o federal no Rio de Janeiro,\u00a0iniciada em fevereiro, n\u00e3o conseguiu conter a inseguran\u00e7a no estado e ainda provocou o aumento da viol\u00eancia nas favelas e na periferia. A conclus\u00e3o \u00e9 da Comiss\u00e3o Popular da Verdade, que divulgou o relat\u00f3rio denunciando a situa\u00e7\u00e3o de militariza\u00e7\u00e3o, nesta quarta-feira (25). O documento aponta o aumento das taxas [&hellip;]<\/p>\n","protected":false},"author":2,"featured_media":4894,"comment_status":"","ping_status":"","sticky":false,"template":"","format":"standard","meta":{"footnotes":""},"categories":[3],"tags":[],"class_list":["post-4895","post","type-post","status-publish","format-standard","has-post-thumbnail","hentry","category-noticias"],"_links":{"self":[{"href":"https:\/\/hostnetart.com.br\/baixada\/wp-json\/wp\/v2\/posts\/4895","targetHints":{"allow":["GET"]}}],"collection":[{"href":"https:\/\/hostnetart.com.br\/baixada\/wp-json\/wp\/v2\/posts"}],"about":[{"href":"https:\/\/hostnetart.com.br\/baixada\/wp-json\/wp\/v2\/types\/post"}],"author":[{"embeddable":true,"href":"https:\/\/hostnetart.com.br\/baixada\/wp-json\/wp\/v2\/users\/2"}],"replies":[{"embeddable":true,"href":"https:\/\/hostnetart.com.br\/baixada\/wp-json\/wp\/v2\/comments?post=4895"}],"version-history":[{"count":0,"href":"https:\/\/hostnetart.com.br\/baixada\/wp-json\/wp\/v2\/posts\/4895\/revisions"}],"wp:featuredmedia":[{"embeddable":true,"href":"https:\/\/hostnetart.com.br\/baixada\/wp-json\/wp\/v2\/media\/4894"}],"wp:attachment":[{"href":"https:\/\/hostnetart.com.br\/baixada\/wp-json\/wp\/v2\/media?parent=4895"}],"wp:term":[{"taxonomy":"category","embeddable":true,"href":"https:\/\/hostnetart.com.br\/baixada\/wp-json\/wp\/v2\/categories?post=4895"},{"taxonomy":"post_tag","embeddable":true,"href":"https:\/\/hostnetart.com.br\/baixada\/wp-json\/wp\/v2\/tags?post=4895"}],"curies":[{"name":"wp","href":"https:\/\/api.w.org\/{rel}","templated":true}]}}