{"id":4887,"date":"2018-07-26T12:03:25","date_gmt":"2018-07-26T15:03:25","guid":{"rendered":"https:\/\/hostnetart.com.br\/baixada\/contraf-cut-cobra-mudancas-no-sqv-do-itau\/"},"modified":"2018-07-26T12:03:25","modified_gmt":"2018-07-26T15:03:25","slug":"contraf-cut-cobra-mudancas-no-sqv-do-itau","status":"publish","type":"post","link":"https:\/\/hostnetart.com.br\/baixada\/contraf-cut-cobra-mudancas-no-sqv-do-itau\/","title":{"rendered":"Contraf-CUT cobra mudan\u00e7as no SQV do Ita\u00fa"},"content":{"rendered":"<div class=\"content\">\n<p>A Comiss\u00e3o de Organiza\u00e7\u00e3o dos Empregados (COE) do Ita\u00fa se reuniu com o banco na ter\u00e7a-feira (24) para obter informa\u00e7\u00f5es sobre Score de Qualidade de Vendas (<em>SQV). <\/em>O objetivo era entender porque tantos trabalhadores est\u00e3o sendo penalizados ap\u00f3s a implanta\u00e7\u00e3o do sistema, muitas vezes sem ao menos saber o porqu\u00ea da puni\u00e7\u00e3o.<\/p>\n<p>Os trabalhadores tamb\u00e9m questionaram a <ins><strong><a href=\"http:\/\/spbancarios.com.br\/05\/2018\/bancarios-do-itau-fazem-paralisacao-por-mudancas-no-sqv\" target=\"_blank\" rel=\"noopener noreferrer\">transpar\u00eancia<\/a><\/strong><\/ins> e reclamaram dos <ins><strong><a href=\"http:\/\/spbancarios.com.br\/05\/2018\/e-pra-vender-ou-pra-tornar-vida-um-inferno\" target=\"_blank\" rel=\"noopener noreferrer\">problemas de sa\u00fade<\/a><\/strong><\/ins> que podem ser gerados pelo programa de avalia\u00e7\u00e3o de qualidade dos servi\u00e7os implantado pelo banco, devido \u00e0 press\u00e3o para o cumprimento de metas e pelo risco de demiss\u00e3o.<\/p>\n<p>\u201cOuvimos as explica\u00e7\u00f5es do banco sobre o SQV e questionamos o impacto que ele gera nos programas pr\u00f3prios de remunera\u00e7\u00e3o dos funcion\u00e1rios, uma vez que se trata de um programa que analisa a performance dos funcion\u00e1rios.\u201d, disse o Jair Alves, diretor da Confedera\u00e7\u00e3o Nacional dos Trabalhadores do Ramo Financeiro (Contraf-CUT) e coordenador da Comiss\u00e3o de Organiza\u00e7\u00e3o dos Empregados (COE) do Ita\u00fa.<\/p>\n<p>Segundo o banco, o programa foi implementado para evitar vendas casadas, fraudulentas aos clientes depois de receber diversas reclama\u00e7\u00f5es de clientes que alegavam n\u00e3o ter adquirido determinados produtos, mas os terem os valores descontados de suas contas.<\/p>\n<p>Uma central proativa liga para os clientes para confirmar, ou n\u00e3o, o interesse na aquisi\u00e7\u00e3o do produto, ou servi\u00e7o. No caso de n\u00e3o confirma\u00e7\u00e3o, a venda \u00e9 cancelada e o funcion\u00e1rio \u00e9 penalizado e seu nome \u00e9 adicionado na tabela que aponta as penaliza\u00e7\u00f5es. Os pontos s\u00e3o mantidos na tabela por 12 meses.<\/p>\n<p>\u201cVamos orientar os sindicatos a irem at\u00e9 suas bases para confrontar as informa\u00e7\u00f5es com os funcion\u00e1rios que vivem o dia a dia do trabalho nas ag\u00eancias e s\u00e3o avaliados de acordo com o sistema\u201d, disse Jair.<\/p>\n<p>O dirigente da Contraf-CUT disse que \u00e9 um avan\u00e7o um sistema que inibe as vendas casadas, uma luta antiga do movimento sindical, que discorda a pr\u00e1tica de \u201cempurrar\u201d produtos para os clientes para atingir as metas abusivas de vendas que os banc\u00e1rios s\u00e3o obrigados a cumprir.<\/p>\n<p>\u201cMas, queremos saber como vai ficar a quest\u00e3o da remunera\u00e7\u00e3o dos funcion\u00e1rios e a press\u00e3o dos gestores para que os mesmos cumpram suas metas. Isso pode gerar n\u00e3o apenas a redu\u00e7\u00e3o dos rendimentos, como tamb\u00e9m a demiss\u00e3o com a justificativa de n\u00e3o cumprimento de metas\u201d, explicou Jair. \u201cA\u00ed, entramos em outro ponto cr\u00edtico que \u00e9 o ass\u00e9dio moral e a press\u00e3o pelo cumprimento de metas, que tem levado tantos banc\u00e1rios ao adoecimento\u201d, completou.<\/p>\n<p>Vem ocorrendo demiss\u00f5es devido ao ass\u00e9dio moral no banco, que vem sendo realizado pelos gestores. As visitas \u00e0s bases tamb\u00e9m ter\u00e3o a fun\u00e7\u00e3o de apontar quem s\u00e3o esses gestores que cometem ass\u00e9dio moral contra os funcion\u00e1rios.<\/p>\n<p><strong>AGIR<\/strong><br \/> Outra preocupa\u00e7\u00e3o da COE \u00e9 com a A\u00e7\u00e3o Gerencial Ita\u00fa para Resultados\u00a0 (AGIR) e as influ\u00eancias do SQV sobre ele. Os resultados da AGIR s\u00e3o utilizados para definir a avalia\u00e7\u00e3o de desempenho dos funcion\u00e1rios e, consequentemente, suas remunera\u00e7\u00f5es pelos programas pr\u00f3prios de remunera\u00e7\u00e3o.<\/p>\n<p>\u201cAqueles que batem as metas definidas recebem os adicionais destes programas, aqueles que n\u00e3o batem recebem apenas os valores definidos pela Conven\u00e7\u00e3o Coletiva de Trabalho da categoria\u201d, explicou o dirigente da Contraf-CUT.<\/p>\n<p><strong>Metas flutuantes<\/strong><br \/> Outro ponto discutido sobre a AGIR \u00e9 com rela\u00e7\u00e3o a altera\u00e7\u00e3o das metas durante o per\u00edodo em que as mesmas t\u00eam que ser cumpridas e sem o conhecimento, nem o consentimento, dos funcion\u00e1rios. \u201cIsso \u00e9 mudar a regra do jogo com o mesmo em andamento. Este \u00e9 um dos motivos pelos quais dizemos que tratam-se de metas abusivas\u201d, criticou Jair.<\/p>\n<p>\u00a0<\/p>\n<\/div>\n<p id=\"page-author\"><span style=\"text-decoration: underline;\"><em><strong>Fonte: Contraf-CUT<\/strong><\/em><\/span><\/p>\n","protected":false},"excerpt":{"rendered":"<p>A Comiss\u00e3o de Organiza\u00e7\u00e3o dos Empregados (COE) do Ita\u00fa se reuniu com o banco na ter\u00e7a-feira (24) para obter informa\u00e7\u00f5es sobre Score de Qualidade de Vendas (SQV). O objetivo era entender porque tantos trabalhadores est\u00e3o sendo penalizados ap\u00f3s a implanta\u00e7\u00e3o do sistema, muitas vezes sem ao menos saber o porqu\u00ea da puni\u00e7\u00e3o. Os trabalhadores tamb\u00e9m [&hellip;]<\/p>\n","protected":false},"author":2,"featured_media":4886,"comment_status":"","ping_status":"","sticky":false,"template":"","format":"standard","meta":{"footnotes":""},"categories":[3],"tags":[],"class_list":["post-4887","post","type-post","status-publish","format-standard","has-post-thumbnail","hentry","category-noticias"],"_links":{"self":[{"href":"https:\/\/hostnetart.com.br\/baixada\/wp-json\/wp\/v2\/posts\/4887","targetHints":{"allow":["GET"]}}],"collection":[{"href":"https:\/\/hostnetart.com.br\/baixada\/wp-json\/wp\/v2\/posts"}],"about":[{"href":"https:\/\/hostnetart.com.br\/baixada\/wp-json\/wp\/v2\/types\/post"}],"author":[{"embeddable":true,"href":"https:\/\/hostnetart.com.br\/baixada\/wp-json\/wp\/v2\/users\/2"}],"replies":[{"embeddable":true,"href":"https:\/\/hostnetart.com.br\/baixada\/wp-json\/wp\/v2\/comments?post=4887"}],"version-history":[{"count":0,"href":"https:\/\/hostnetart.com.br\/baixada\/wp-json\/wp\/v2\/posts\/4887\/revisions"}],"wp:featuredmedia":[{"embeddable":true,"href":"https:\/\/hostnetart.com.br\/baixada\/wp-json\/wp\/v2\/media\/4886"}],"wp:attachment":[{"href":"https:\/\/hostnetart.com.br\/baixada\/wp-json\/wp\/v2\/media?parent=4887"}],"wp:term":[{"taxonomy":"category","embeddable":true,"href":"https:\/\/hostnetart.com.br\/baixada\/wp-json\/wp\/v2\/categories?post=4887"},{"taxonomy":"post_tag","embeddable":true,"href":"https:\/\/hostnetart.com.br\/baixada\/wp-json\/wp\/v2\/tags?post=4887"}],"curies":[{"name":"wp","href":"https:\/\/api.w.org\/{rel}","templated":true}]}}