{"id":4881,"date":"2018-07-25T12:26:21","date_gmt":"2018-07-25T15:26:21","guid":{"rendered":"https:\/\/hostnetart.com.br\/baixada\/comando-nacional-dos-bancarios-prepara-negociacao-para-garantir-empregos\/"},"modified":"2018-07-25T12:26:21","modified_gmt":"2018-07-25T15:26:21","slug":"comando-nacional-dos-bancarios-prepara-negociacao-para-garantir-empregos","status":"publish","type":"post","link":"https:\/\/hostnetart.com.br\/baixada\/comando-nacional-dos-bancarios-prepara-negociacao-para-garantir-empregos\/","title":{"rendered":"Comando Nacional dos Banc\u00e1rios prepara negocia\u00e7\u00e3o para garantir empregos"},"content":{"rendered":"<div class=\"content\">\n<p>Todos pelo emprego. Dirigentes sindicais banc\u00e1rios deslocaram-se de todo o Brasil para debater, na sede da Confedera\u00e7\u00e3o Nacional dos Trabalhadores do Ramo Financeiro (Contraf-CUT), em S\u00e3o Paulo, as cl\u00e1usulas da pauta de reinvindica\u00e7\u00f5es que tratam do emprego banc\u00e1rio.<\/p>\n<p>Como em todas as semanas, na reuni\u00e3o desta ter\u00e7a-feira (24), os dirigentes analisaram uma s\u00e9rie de dados que servir\u00e3o de subs\u00eddios para a rodada de negocia\u00e7\u00e3o com a federa\u00e7\u00e3o dos bancos (Fenaban), que ser\u00e1 realizada na quarta-feira (25).<\/p>\n<p>\u201cDesde 2016 os bancos extinguiram 41.304 postos de trabalho, per\u00edodo em que viram seus lucros crescerem como sempre. Ou seja, n\u00e3o h\u00e1 espa\u00e7o para cortes tampouco para contrata\u00e7\u00f5es que retirem direitos\u201d, afirmou a presidenta da Contraf-CUT, Juvandia Moreira.<\/p>\n<p>Consulta realizada com banc\u00e1rios de todo o Brasil coloca a manuten\u00e7\u00e3o de direitos e a garantia de emprego entre as prioridades da categoria. \u201cE isso n\u00e3o \u00e9 por acaso. Os cortes s\u00e3o ruins para quem fica tamb\u00e9m: o n\u00famero de clientes por empregado subiu 13,3% no Bradesco; 6,9% no Santander; 14% na Caixa; 6,9% no Ita\u00fa; 6,7% no BB. Isso se traduz em sobrecarga, estresse, press\u00e3o por metas, ass\u00e9dio moral e o consequente adoecimento. \u00c9 ruim para os banc\u00e1rios e para toda a sociedade\u201d, ressaltou a dirigente.<\/p>\n<p>\u201cNa consulta, os banc\u00e1rios deixaram claro que est\u00e3o mobilizados contra a retirada de direitos e as novas formas de contrata\u00e7\u00e3o que a lei trabalhista do p\u00f3s-golpe admite, como a terceiriza\u00e7\u00e3o ilimitada, os intermitentes, os tempor\u00e1rios, os PJ, o home-office\u201d, explicou Juvandia. \u201cPor isso queremos garantir, na CCT, que nenhuma contrata\u00e7\u00e3o ser\u00e1 feita sem respeitar todos os direitos da categoria.\u201d<\/p>\n<p><strong>Participe com a #Emprego\u00c9BomEEuGosto<\/strong><\/p>\n<p>Trabalhadores e clientes podem participar da press\u00e3o sobre os bancos, nesta quarta-feira, utilizando a ##Emprego\u00c9BomEEuGosto nas redes sociais. Um tuita\u00e7o est\u00e1 marcado para as 9h (clique <a href=\"http:\/\/admin.contrafcut.com.br\/system\/uploads\/ck\/files\/Sugest%C3%A3o%20de%20Tweets.pdf\">aqui<\/a> para ver o banco de tu\u00edtes com informa\u00e7\u00f5es que apoiam a hashtag).<\/p>\n<\/div>\n<p id=\"page-author\"><span style=\"text-decoration: underline;\"><em><strong>Fonte: Contraf-CUT<\/strong><\/em><\/span><\/p>\n","protected":false},"excerpt":{"rendered":"<p>Todos pelo emprego. Dirigentes sindicais banc\u00e1rios deslocaram-se de todo o Brasil para debater, na sede da Confedera\u00e7\u00e3o Nacional dos Trabalhadores do Ramo Financeiro (Contraf-CUT), em S\u00e3o Paulo, as cl\u00e1usulas da pauta de reinvindica\u00e7\u00f5es que tratam do emprego banc\u00e1rio. Como em todas as semanas, na reuni\u00e3o desta ter\u00e7a-feira (24), os dirigentes analisaram uma s\u00e9rie de dados [&hellip;]<\/p>\n","protected":false},"author":2,"featured_media":4880,"comment_status":"","ping_status":"","sticky":false,"template":"","format":"standard","meta":{"footnotes":""},"categories":[3],"tags":[],"class_list":["post-4881","post","type-post","status-publish","format-standard","has-post-thumbnail","hentry","category-noticias"],"_links":{"self":[{"href":"https:\/\/hostnetart.com.br\/baixada\/wp-json\/wp\/v2\/posts\/4881","targetHints":{"allow":["GET"]}}],"collection":[{"href":"https:\/\/hostnetart.com.br\/baixada\/wp-json\/wp\/v2\/posts"}],"about":[{"href":"https:\/\/hostnetart.com.br\/baixada\/wp-json\/wp\/v2\/types\/post"}],"author":[{"embeddable":true,"href":"https:\/\/hostnetart.com.br\/baixada\/wp-json\/wp\/v2\/users\/2"}],"replies":[{"embeddable":true,"href":"https:\/\/hostnetart.com.br\/baixada\/wp-json\/wp\/v2\/comments?post=4881"}],"version-history":[{"count":0,"href":"https:\/\/hostnetart.com.br\/baixada\/wp-json\/wp\/v2\/posts\/4881\/revisions"}],"wp:featuredmedia":[{"embeddable":true,"href":"https:\/\/hostnetart.com.br\/baixada\/wp-json\/wp\/v2\/media\/4880"}],"wp:attachment":[{"href":"https:\/\/hostnetart.com.br\/baixada\/wp-json\/wp\/v2\/media?parent=4881"}],"wp:term":[{"taxonomy":"category","embeddable":true,"href":"https:\/\/hostnetart.com.br\/baixada\/wp-json\/wp\/v2\/categories?post=4881"},{"taxonomy":"post_tag","embeddable":true,"href":"https:\/\/hostnetart.com.br\/baixada\/wp-json\/wp\/v2\/tags?post=4881"}],"curies":[{"name":"wp","href":"https:\/\/api.w.org\/{rel}","templated":true}]}}