{"id":4875,"date":"2018-07-24T15:36:33","date_gmt":"2018-07-24T18:36:33","guid":{"rendered":"https:\/\/hostnetart.com.br\/baixada\/retrocessos-de-temer-e-secas-no-nordeste-aumentam-drama-da-fome-no-pais\/"},"modified":"2018-07-24T15:36:33","modified_gmt":"2018-07-24T18:36:33","slug":"retrocessos-de-temer-e-secas-no-nordeste-aumentam-drama-da-fome-no-pais","status":"publish","type":"post","link":"https:\/\/hostnetart.com.br\/baixada\/retrocessos-de-temer-e-secas-no-nordeste-aumentam-drama-da-fome-no-pais\/","title":{"rendered":"Retrocessos de Temer e secas no Nordeste aumentam drama da fome no pa\u00eds"},"content":{"rendered":"<p class=\" \">Em entrevista ao apresentador Rafael Garcia, da\u00a0<strong>R\u00e1dio Brasil Atual<\/strong>, na tarde de segunda-feira (23), a coordenadora executiva da Articula\u00e7\u00e3o do Semi\u00e1rido Brasileiro (ASA), Cristina Nascimento, afirmou que\u00a0o atual per\u00edodo de seca no semi\u00e1rido e no sudeste combinado com o que classifica como &#8220;forte ambiente de retrocesso pol\u00edtico&#8221;, contribuem para a possibilidade de o Brasil voltar a integrar \u00edndices de subalimenta\u00e7\u00e3o que haviam sido superados em 2014, quando o pa\u00eds deixou de integrar o Mapa da Fome da ONU.\u00a0<\/p>\n<p class=\" \">Segundo a ativista, apesar da seca, o Brasil havia conseguido, sob os governos Lula e Dilma, desenvolver pol\u00edticas p\u00fablicas que atenuaram seus impactos, contornando inclusive, a fome como um problema social. Cen\u00e1rio muito diferente, diz, do encontrado agora, sob o governo golpista de Michel Temer.<\/p>\n<p class=\" \">&#8220;Esse processo do golpe trouxe \u00e0 tona exatamente isso: a retirada das pol\u00edticas de redu\u00e7\u00e3o da pobreza do or\u00e7amento da Uni\u00e3o e a retirada de\u00a0 estrat\u00e9gias principalmente para o semi\u00e1rido, que \u00e9 a regi\u00e3o historicamente identificada como o lugar da fome, da pobreza e da mis\u00e9ria. Ent\u00e3o, esse \u00e9 o retrato que a gente encontra em 2018, que infelizmente \u00e9 o contexto de den\u00fancia que, para n\u00f3s, n\u00e3o nos alegra&#8221;, disse a coordenadora do ASA.<\/p>\n<p class=\" \">Para denunciar<a class=\"internal-link\" title=\"\" href=\"https:\/\/www.redebrasilatual.com.br\/cidadania\/2018\/03\/brasil-pode-voltar-ao-mapa-da-fome-onu-faz-campanha-pela-seguranca-alimentar\" target=\"_blank\" rel=\"noopener noreferrer\">\u00a0a imin\u00eancia da volta do pa\u00eds ao Mapa da Fome<\/a>, a\u00a0<a class=\"internal-link\" title=\"\" href=\"https:\/\/www.redebrasilatual.com.br\/politica\/2018\/07\/campanha-arrecada-financiamento-para-caravana-semiarido-contra-a-fome\" target=\"_blank\" rel=\"noopener noreferrer\">Caravana Semi\u00e1rido Contra a Fome<\/a>, que parte de Caet\u00e9s, interior de Pernambuco,\u00a0percorrer\u00e1 cidades das regi\u00f5es Nordeste e Sudesta \u2013 ao longo de 14 dias de debates e atos p\u00fablicos. O objetivo \u00e9 chegar chegar, em 5 de agosto, \u00e0 capital federal, onde\u00a0pretendem denunciar junto ao Supremo Tribunal Federal (STF), os impactos ocasionados pelo retrocesso nas pol\u00edticas p\u00fablicas impostas contra a popula\u00e7\u00e3o pelo governo de Michel Temer.<\/p>\n<p class=\" \">A campanha \u00e9 financiada por doa\u00e7\u00f5es, que pedem ser feitas por meio de\u00a0<a class=\"external-link\" title=\"\" href=\"https:\/\/benfeitoria.com\/caravanasemiaridocontrafome?ref=benfeitoria-pesquisa-projetos\" target=\"_blank\" rel=\"noopener noreferrer\">plataforma online<\/a>.<\/p>\n<p class=\" \">\u00a0<\/p>\n<dl class=\"image-inline captioned\">\n<dt><span class=\"tile-rights\">ARTE CSCF\/BDF\/REPRODU\u00c7\u00c3O<\/span><img fetchpriority=\"high\" decoding=\"async\" class=\" lazyloaded\" title=\"Caravana Semi\u00e1rido Contra a Fome\" src=\"https:\/\/www.redebrasilatual.com.br\/cidadania\/2018\/07\/retrocessos-de-temer-e-secas-no-nordeste-aumentam-drama-da-fome-no-pais\/caravana-semiarido-contra-a-fome\/image\" alt=\"Caravana Semi\u00e1rido Contra a Fome\" width=\"780\" height=\"490\" data-src=\"https:\/\/www.redebrasilatual.com.br\/cidadania\/2018\/07\/retrocessos-de-temer-e-secas-no-nordeste-aumentam-drama-da-fome-no-pais\/caravana-semiarido-contra-a-fome\/image\" \/><\/dt>\n<dd class=\"image-caption\">Caravana conta com o apoio de Organiza\u00e7\u00f5es, redes, movimentos sociais do Semi\u00e1rido e tamb\u00e9m com contribui\u00e7\u00f5es onlines<\/dd>\n<\/dl>\n<p>\u00a0<\/p>\n<p><strong>FONTE: Rede Brasil Atual<\/strong><\/p>\n<p>\u00a0<\/p>\n","protected":false},"excerpt":{"rendered":"<p>Em entrevista ao apresentador Rafael Garcia, da\u00a0R\u00e1dio Brasil Atual, na tarde de segunda-feira (23), a coordenadora executiva da Articula\u00e7\u00e3o do Semi\u00e1rido Brasileiro (ASA), Cristina Nascimento, afirmou que\u00a0o atual per\u00edodo de seca no semi\u00e1rido e no sudeste combinado com o que classifica como &#8220;forte ambiente de retrocesso pol\u00edtico&#8221;, contribuem para a possibilidade de o Brasil voltar [&hellip;]<\/p>\n","protected":false},"author":2,"featured_media":4874,"comment_status":"","ping_status":"","sticky":false,"template":"","format":"standard","meta":{"footnotes":""},"categories":[3],"tags":[],"class_list":["post-4875","post","type-post","status-publish","format-standard","has-post-thumbnail","hentry","category-noticias"],"_links":{"self":[{"href":"https:\/\/hostnetart.com.br\/baixada\/wp-json\/wp\/v2\/posts\/4875","targetHints":{"allow":["GET"]}}],"collection":[{"href":"https:\/\/hostnetart.com.br\/baixada\/wp-json\/wp\/v2\/posts"}],"about":[{"href":"https:\/\/hostnetart.com.br\/baixada\/wp-json\/wp\/v2\/types\/post"}],"author":[{"embeddable":true,"href":"https:\/\/hostnetart.com.br\/baixada\/wp-json\/wp\/v2\/users\/2"}],"replies":[{"embeddable":true,"href":"https:\/\/hostnetart.com.br\/baixada\/wp-json\/wp\/v2\/comments?post=4875"}],"version-history":[{"count":0,"href":"https:\/\/hostnetart.com.br\/baixada\/wp-json\/wp\/v2\/posts\/4875\/revisions"}],"wp:featuredmedia":[{"embeddable":true,"href":"https:\/\/hostnetart.com.br\/baixada\/wp-json\/wp\/v2\/media\/4874"}],"wp:attachment":[{"href":"https:\/\/hostnetart.com.br\/baixada\/wp-json\/wp\/v2\/media?parent=4875"}],"wp:term":[{"taxonomy":"category","embeddable":true,"href":"https:\/\/hostnetart.com.br\/baixada\/wp-json\/wp\/v2\/categories?post=4875"},{"taxonomy":"post_tag","embeddable":true,"href":"https:\/\/hostnetart.com.br\/baixada\/wp-json\/wp\/v2\/tags?post=4875"}],"curies":[{"name":"wp","href":"https:\/\/api.w.org\/{rel}","templated":true}]}}