{"id":4865,"date":"2018-07-24T12:17:30","date_gmt":"2018-07-24T15:17:30","guid":{"rendered":"https:\/\/hostnetart.com.br\/baixada\/trabalho-com-registro-em-carteira-despenca-e-brasil-perde-661-vagas-em-junho\/"},"modified":"2018-07-24T12:17:30","modified_gmt":"2018-07-24T15:17:30","slug":"trabalho-com-registro-em-carteira-despenca-e-brasil-perde-661-vagas-em-junho","status":"publish","type":"post","link":"https:\/\/hostnetart.com.br\/baixada\/trabalho-com-registro-em-carteira-despenca-e-brasil-perde-661-vagas-em-junho\/","title":{"rendered":"Trabalho com registro em carteira despenca e Brasil perde 661 vagas em junho"},"content":{"rendered":"<div class=\"content\">\n<p>O governo ileg\u00edtimo e golpista de Michel Temer (MDB-SP), para aprovar apressadamente a reforma trabalhista, vendeu o discurso de que a proposta acabaria com o desemprego, abriria um milh\u00e3o de novos postos de trabalho e faria a economia voltar a crescer.\u00a0<\/p>\n<p>Dois anos ap\u00f3s o golpe de Estado que tirou do governo Dilma Rousseff, uma presidenta legitimamente eleita, nem mesmo a formaliza\u00e7\u00e3o do bico e das condi\u00e7\u00f5es prec\u00e1rias de trabalho est\u00e3o ajudando na gera\u00e7\u00e3o de novas vagas no mercado de trabalho.<\/p>\n<p>O Brasil encerrou o m\u00eas de junho com o fechamento de 661 postos de trabalho com carteira assinada, de acordo com o saldo entre contrata\u00e7\u00f5es e demiss\u00f5es do\u00a0Cadastro Geral de Empregados e Desempregados (Caged),\u00a0divulgado nesta sexta-feira (20) pelo Minist\u00e9rio do Trabalho.<\/p>\n<p>Foram registrados no m\u00eas 1.167.531 admiss\u00f5es e 1.168.192 desligamentos. \u00c9 a primeira vez no ano que o saldo \u00e9 negativo.<\/p>\n<p>O \u00faltimo resultado negativo foi registrado em dezembro de 2017, quando, logo ap\u00f3s a aprova\u00e7\u00e3o da nova legisla\u00e7\u00e3o, o Brasil perdeu 328.539 empregos com carteira assinada.\u00a0<\/p>\n<p>Em abril, o Pa\u00eds havia criado 121.146 empregos, mas em maio o n\u00famero j\u00e1 havia ca\u00eddo expressivamente para\u00a0apenas 33.659 postos de trabalho.<\/p>\n<p>Para o presidente da CUT, Vagner Freitas, est\u00e1 cada vez mais claro que a reforma trabalhista, ao contr\u00e1rio do que foi vendido pelos golpistas, foi aprovada para acabar com os direitos da classe trabalhadora.<\/p>\n<p>Segundo ele, al\u00e9m do fim da CLT e da legaliza\u00e7\u00e3o do bico e de formas fraudulentas de contrato de trabalho, a condu\u00e7\u00e3o da pol\u00edtica econ\u00f4mica \u00e9 um desastre e tem agravado o cen\u00e1rio de desemprego e falta de expectativa da popula\u00e7\u00e3o brasileira.<\/p>\n<p>\u201cA recess\u00e3o est\u00e1 destruindo as contas p\u00fablicas e as fam\u00edlias brasileiras est\u00e3o sentindo isso no or\u00e7amento. O Brasil com Temer \u00e9 o retrato da falta de esperan\u00e7a e do aumento do desalento\u201d, completa o presidente da CUT, se referindo ao aumento de 194,9% no n\u00famero de pessoas que desistiram de procurar emprego no primeiro trimestre de 2018 em compara\u00e7\u00e3o com o mesmo per\u00edodo de 2014.<\/p>\n<p>Dados do IBGE mostram que o Brasil tem hoje 4,6 milh\u00f5es de trabalhadores e trabalhadoras que sequer t\u00eam for\u00e7as para procurar uma vaga no mercado de trabalho, depois de meses e meses de tentativas frustradas.<\/p>\n<p>Al\u00e9m disso, s\u00e3o cerca de 27,7 milh\u00f5es de trabalhadores subutilizados no Pa\u00eds, o que inclui os 13,2 milh\u00f5es de desempregados, as pessoas que gostariam e precisam trabalhar e aqueles que desistiram de procurar.<\/p>\n<p><strong>Pibinho de Temer<\/strong><\/p>\n<p>A condu\u00e7\u00e3o da pol\u00edtica econ\u00f4mica de Temer, criticada pelo presidente da CUT, fez com que as proje\u00e7\u00f5es para o Produto Interno Bruto (PIB) fosse revisadas para baixo novamente. Al\u00e9m da queda de quase -7% do PIB entre 2015 e 2016 e do crescimento p\u00edfio de 1% em 2017, o pr\u00f3prio governo reduziu de 2,97% para 1,6% a previs\u00e3o de crescimento da economia brasileira em 2018.\u200b<\/p>\n<p>\u00a0<\/p>\n<\/div>\n<p id=\"page-author\"><span style=\"text-decoration: underline;\"><em><strong>Fonte: CUT<\/strong><\/em><\/span><\/p>\n","protected":false},"excerpt":{"rendered":"<p>O governo ileg\u00edtimo e golpista de Michel Temer (MDB-SP), para aprovar apressadamente a reforma trabalhista, vendeu o discurso de que a proposta acabaria com o desemprego, abriria um milh\u00e3o de novos postos de trabalho e faria a economia voltar a crescer.\u00a0 Dois anos ap\u00f3s o golpe de Estado que tirou do governo Dilma Rousseff, uma [&hellip;]<\/p>\n","protected":false},"author":2,"featured_media":4864,"comment_status":"","ping_status":"","sticky":false,"template":"","format":"standard","meta":{"footnotes":""},"categories":[3],"tags":[],"class_list":["post-4865","post","type-post","status-publish","format-standard","has-post-thumbnail","hentry","category-noticias"],"_links":{"self":[{"href":"https:\/\/hostnetart.com.br\/baixada\/wp-json\/wp\/v2\/posts\/4865","targetHints":{"allow":["GET"]}}],"collection":[{"href":"https:\/\/hostnetart.com.br\/baixada\/wp-json\/wp\/v2\/posts"}],"about":[{"href":"https:\/\/hostnetart.com.br\/baixada\/wp-json\/wp\/v2\/types\/post"}],"author":[{"embeddable":true,"href":"https:\/\/hostnetart.com.br\/baixada\/wp-json\/wp\/v2\/users\/2"}],"replies":[{"embeddable":true,"href":"https:\/\/hostnetart.com.br\/baixada\/wp-json\/wp\/v2\/comments?post=4865"}],"version-history":[{"count":0,"href":"https:\/\/hostnetart.com.br\/baixada\/wp-json\/wp\/v2\/posts\/4865\/revisions"}],"wp:featuredmedia":[{"embeddable":true,"href":"https:\/\/hostnetart.com.br\/baixada\/wp-json\/wp\/v2\/media\/4864"}],"wp:attachment":[{"href":"https:\/\/hostnetart.com.br\/baixada\/wp-json\/wp\/v2\/media?parent=4865"}],"wp:term":[{"taxonomy":"category","embeddable":true,"href":"https:\/\/hostnetart.com.br\/baixada\/wp-json\/wp\/v2\/categories?post=4865"},{"taxonomy":"post_tag","embeddable":true,"href":"https:\/\/hostnetart.com.br\/baixada\/wp-json\/wp\/v2\/tags?post=4865"}],"curies":[{"name":"wp","href":"https:\/\/api.w.org\/{rel}","templated":true}]}}