{"id":4863,"date":"2018-07-23T17:01:15","date_gmt":"2018-07-23T20:01:15","guid":{"rendered":"https:\/\/hostnetart.com.br\/baixada\/contraf-cut-cobra-e-itau-dara-explicacoes-sobre-sqv\/"},"modified":"2018-07-23T17:01:15","modified_gmt":"2018-07-23T20:01:15","slug":"contraf-cut-cobra-e-itau-dara-explicacoes-sobre-sqv","status":"publish","type":"post","link":"https:\/\/hostnetart.com.br\/baixada\/contraf-cut-cobra-e-itau-dara-explicacoes-sobre-sqv\/","title":{"rendered":"Contraf-CUT cobra e Ita\u00fa dar\u00e1 explica\u00e7\u00f5es sobre SQV"},"content":{"rendered":"<div class=\"content\">\n<p>A Comiss\u00e3o de Organiza\u00e7\u00e3o dos Empregados (COE) do Ita\u00fa se re\u00fane com o banco nesta ter\u00e7a-feira, a partir das 10h, no Centro Empresarial Ita\u00fa Concei\u00e7\u00e3o (CEIC), em S\u00e3o Paulo. Em pauta o Score de Qualidade de Vendas (SQV)<em>.<\/em><\/p>\n<p>\u201cPedimos para que o banco nos explique o funcionamento do SQV para entender porque tantos trabalhadores est\u00e3o sendo penalizados ap\u00f3s sua implanta\u00e7\u00e3o, muitas vezes sem ao menos saber o porqu\u00ea da puni\u00e7\u00e3o\u201d, disse o coordenador da COE do Ita\u00fa, Jair Alves.<\/p>\n<p>Os trabalhadores questionam a <ins><strong><a href=\"http:\/\/spbancarios.com.br\/05\/2018\/bancarios-do-itau-fazem-paralisacao-por-mudancas-no-sqv\" target=\"_blank\" rel=\"noopener noreferrer\">transpar\u00eancia<\/a><\/strong><\/ins> e reclamam dos <ins><strong><a href=\"http:\/\/spbancarios.com.br\/05\/2018\/e-pra-vender-ou-pra-tornar-vida-um-inferno\" target=\"_blank\" rel=\"noopener noreferrer\">problemas de sa\u00fade<\/a><\/strong><\/ins> que o programa de avalia\u00e7\u00e3o de qualidade dos servi\u00e7os implantado pelo banco, devido \u00e0 press\u00e3o para o cumprimento de metas e pelo risco de demiss\u00e3o.<\/p>\n<p>\u201cO banco j\u00e1 est\u00e1 pautado, mas antes de partirmos para o debate, pedimos que o banco nos explique os detalhes do funcionamento do programa para podermos debater com maior propriedade\u201d, explicou Jair. O diretor do Ita\u00fa respons\u00e1vel pela \u00e1rea far\u00e1 uma apresenta\u00e7\u00e3o durante a reuni\u00e3o e buscar\u00e1 sanar as d\u00favidas dos membros da COE.<\/p>\n<p><strong>Reuni\u00e3o na Contraf-CUT<\/strong><br \/> Ap\u00f3s a reuni\u00e3o com o banco, os membros da COE se reunir\u00e3o na sede da Confedera\u00e7\u00e3o Nacional dos Trabalhadores do Ramo Financeiro (Contraf-CUT), em S\u00e3o Paulo, para debater o assunto e definir as a\u00e7\u00f5es a serem tomadas.<\/p>\n<\/div>\n<p id=\"page-author\"><span style=\"text-decoration: underline;\">Fonte: Contraf-CUT<\/span><\/p>\n","protected":false},"excerpt":{"rendered":"<p>A Comiss\u00e3o de Organiza\u00e7\u00e3o dos Empregados (COE) do Ita\u00fa se re\u00fane com o banco nesta ter\u00e7a-feira, a partir das 10h, no Centro Empresarial Ita\u00fa Concei\u00e7\u00e3o (CEIC), em S\u00e3o Paulo. Em pauta o Score de Qualidade de Vendas (SQV). \u201cPedimos para que o banco nos explique o funcionamento do SQV para entender porque tantos trabalhadores est\u00e3o [&hellip;]<\/p>\n","protected":false},"author":2,"featured_media":4862,"comment_status":"","ping_status":"","sticky":false,"template":"","format":"standard","meta":{"footnotes":""},"categories":[3],"tags":[],"class_list":["post-4863","post","type-post","status-publish","format-standard","has-post-thumbnail","hentry","category-noticias"],"_links":{"self":[{"href":"https:\/\/hostnetart.com.br\/baixada\/wp-json\/wp\/v2\/posts\/4863","targetHints":{"allow":["GET"]}}],"collection":[{"href":"https:\/\/hostnetart.com.br\/baixada\/wp-json\/wp\/v2\/posts"}],"about":[{"href":"https:\/\/hostnetart.com.br\/baixada\/wp-json\/wp\/v2\/types\/post"}],"author":[{"embeddable":true,"href":"https:\/\/hostnetart.com.br\/baixada\/wp-json\/wp\/v2\/users\/2"}],"replies":[{"embeddable":true,"href":"https:\/\/hostnetart.com.br\/baixada\/wp-json\/wp\/v2\/comments?post=4863"}],"version-history":[{"count":0,"href":"https:\/\/hostnetart.com.br\/baixada\/wp-json\/wp\/v2\/posts\/4863\/revisions"}],"wp:featuredmedia":[{"embeddable":true,"href":"https:\/\/hostnetart.com.br\/baixada\/wp-json\/wp\/v2\/media\/4862"}],"wp:attachment":[{"href":"https:\/\/hostnetart.com.br\/baixada\/wp-json\/wp\/v2\/media?parent=4863"}],"wp:term":[{"taxonomy":"category","embeddable":true,"href":"https:\/\/hostnetart.com.br\/baixada\/wp-json\/wp\/v2\/categories?post=4863"},{"taxonomy":"post_tag","embeddable":true,"href":"https:\/\/hostnetart.com.br\/baixada\/wp-json\/wp\/v2\/tags?post=4863"}],"curies":[{"name":"wp","href":"https:\/\/api.w.org\/{rel}","templated":true}]}}