{"id":4859,"date":"2018-07-23T16:58:46","date_gmt":"2018-07-23T19:58:46","guid":{"rendered":"https:\/\/hostnetart.com.br\/baixada\/caixa-nao-assina-garantias-contra-a-reforma-trabalhista\/"},"modified":"2018-07-23T16:58:46","modified_gmt":"2018-07-23T19:58:46","slug":"caixa-nao-assina-garantias-contra-a-reforma-trabalhista","status":"publish","type":"post","link":"https:\/\/hostnetart.com.br\/baixada\/caixa-nao-assina-garantias-contra-a-reforma-trabalhista\/","title":{"rendered":"Caixa n\u00e3o assina garantias contra a reforma trabalhista"},"content":{"rendered":"<div class=\"content\">\n<p>O Dia Nacional de Luta \u00e9 fundamental para mostrar a mobiliza\u00e7\u00e3o e insatisfa\u00e7\u00e3o dos trabalhadores com a intransig\u00eancia do banco e do governo. Isso ficou claro nesta sexta-feira (20), durante a segunda reuni\u00e3o da mesa espec\u00edfica de negocia\u00e7\u00e3o, realizada em Bras\u00edlia.<\/p>\n<p>Os principais pontos da pauta foram Nenhum direito a menos, Caixa 100% P\u00fablica e temas relacionados ao dia a dia dos trabalhadores.<\/p>\n<p>Os representantes dos empregados cobraram o fim da discrimina\u00e7ao de g\u00eanero, atr\u00e1ves do fim da possibilidade do descomissionamento de gestantes, al\u00e9m da manuten\u00e7\u00e3o da titularidade da fun\u00e7\u00e3o pelos empregados doentes na licen\u00e7a m\u00e9dica.<\/p>\n<p>Os empregados reivindicam tamb\u00e9m que a Caixa garante ampla defesa nos processos disciplinares, n\u00e3o punindo os trabalhadores antes do fim do processo. Atualmente, o trabalhador que recorrer corre o risco de ter a pena piorada.<\/p>\n<p>O movimento sindical cobrou o fortalecimento da negocia\u00e7\u00e3o permanente e um debate com todos seguimentos dos empregados da carreira administrativa e profissional, durante\u00a0a mesa permanente da Contraf-CUT,\u00a0que representa mais de 90% dos Banc\u00e1rios. Ficou acordado de ser no f\u00f3rum nacional. \u00c9 importante lembrar que as conquistas foram conseguidas na mesa de negocia\u00e7\u00e3o da Contraf-CUT. A exemplo do que foi feito sobre o fim do descomissionamento arbitr\u00e1rio, quando foram debatidos 12 pontos com os comissionados e os avaliadores de penhor, que foram representadaos na mesa por associa\u00e7\u00e3o, e entregaram uma pauta especifica, que tamb\u00e9m foi discutida naquwna ocasi\u00e3o.<\/p>\n<p>Os empregados cobraram ainda garantia de um delta por ano por antiguidade dos empregados. A Caixa negou, no entanto, aceitou a manuten\u00e7ao do atual modelo, que cada dois anos garante um delta de antiguidade e todo ano a discuss\u00e3o da sistematica por m\u00e9rito.<\/p>\n<p>Sobre Nenhum direito a menos, a Caixa n\u00e3o aceita consignar nenhuma garantia contra as novas leis trabalhistas e disse que vai seguir a regra de PLR da Fenaban. Alegou tamb\u00e9m que n\u00e3o tem autoriza\u00e7\u00e3o do pagamento da PLR social.<\/p>\n<p>A dire\u00e7\u00e3o do banco informou ainda que o limite da soma da PLR est\u00e1 limitada pelo governo. A regra mencionada seria 25% do que for pago de dividendos no tesouro. Com base nos \u00faltmos anos , fica em\u00a0 6,25 % do lucro liquido. A Caixa se colocou como respons\u00e1vel das condi\u00e7oes de sa\u00fade do ambiente de trabalho. O banco garantiu que os dirigentes sindiciais ter\u00e3o livre acesso aos locais de trabalho, que n\u00e3o ser\u00e1 constitu\u00edda comiss\u00e3o de representantes de empregados n\u00e3o vinculadas ao sindicato e n\u00e3o ser\u00e1 limitada nem cerceada a liberdade de express\u00e3o dos sindicatos e dos trabalhadores.<\/p>\n<p>Por\u00e9m, n\u00e3o garantiu a abrang\u00eancia que o Acordo Coletivo de Trabalho valha pra todos os empregados e n\u00e3o assinou o pr\u00e9-acordo de ultratividade. Negou ainda o fim do Caixa Minuto.<\/p>\n<p>Sobre a Caixa 100% P\u00fablica, o banco negou contrata\u00e7\u00e3o em todos os itens.<\/p>\n<p>Os empregados cobraram ainda o n\u00e3o fechamento de unidades, principalmente em cidades e bairros perif\u00e9ricos. A Caixa disse que o processo est\u00e1 suspenso.<\/p>\n<p>Os empregados cobraram a redu\u00e7\u00e3o imediata das taxas de juros e das tarifas. A Caixa colocou que est\u00e1 seguindo a pol\u00edtica e a taxa est\u00e1 ligada a necessidade do banco. Os empregados disseram, ent\u00e3o, que a necessidade vai al\u00e9m do lucro imeditado e sim responsabilidade social com o pa\u00eds.<\/p>\n<p>Leia mais:<\/p>\n<p><a href=\"http:\/\/www.contrafcut.org.br\/noticias\/dia-25-de-julho-e-dia-nacional-de-luta-em-defesa-dos-planos-de-saude-d0ad\/\">Dia 25 de julho \u00e9 Dia Nacional de Luta em Defesa dos Planos de Sa\u00fade<\/a><\/p>\n<\/div>\n<p id=\"page-author\"><strong>Fonte: Contraf-CUT<\/strong><\/p>\n","protected":false},"excerpt":{"rendered":"<p>O Dia Nacional de Luta \u00e9 fundamental para mostrar a mobiliza\u00e7\u00e3o e insatisfa\u00e7\u00e3o dos trabalhadores com a intransig\u00eancia do banco e do governo. Isso ficou claro nesta sexta-feira (20), durante a segunda reuni\u00e3o da mesa espec\u00edfica de negocia\u00e7\u00e3o, realizada em Bras\u00edlia. Os principais pontos da pauta foram Nenhum direito a menos, Caixa 100% P\u00fablica e [&hellip;]<\/p>\n","protected":false},"author":2,"featured_media":4858,"comment_status":"","ping_status":"","sticky":false,"template":"","format":"standard","meta":{"footnotes":""},"categories":[3],"tags":[],"class_list":["post-4859","post","type-post","status-publish","format-standard","has-post-thumbnail","hentry","category-noticias"],"_links":{"self":[{"href":"https:\/\/hostnetart.com.br\/baixada\/wp-json\/wp\/v2\/posts\/4859","targetHints":{"allow":["GET"]}}],"collection":[{"href":"https:\/\/hostnetart.com.br\/baixada\/wp-json\/wp\/v2\/posts"}],"about":[{"href":"https:\/\/hostnetart.com.br\/baixada\/wp-json\/wp\/v2\/types\/post"}],"author":[{"embeddable":true,"href":"https:\/\/hostnetart.com.br\/baixada\/wp-json\/wp\/v2\/users\/2"}],"replies":[{"embeddable":true,"href":"https:\/\/hostnetart.com.br\/baixada\/wp-json\/wp\/v2\/comments?post=4859"}],"version-history":[{"count":0,"href":"https:\/\/hostnetart.com.br\/baixada\/wp-json\/wp\/v2\/posts\/4859\/revisions"}],"wp:featuredmedia":[{"embeddable":true,"href":"https:\/\/hostnetart.com.br\/baixada\/wp-json\/wp\/v2\/media\/4858"}],"wp:attachment":[{"href":"https:\/\/hostnetart.com.br\/baixada\/wp-json\/wp\/v2\/media?parent=4859"}],"wp:term":[{"taxonomy":"category","embeddable":true,"href":"https:\/\/hostnetart.com.br\/baixada\/wp-json\/wp\/v2\/categories?post=4859"},{"taxonomy":"post_tag","embeddable":true,"href":"https:\/\/hostnetart.com.br\/baixada\/wp-json\/wp\/v2\/tags?post=4859"}],"curies":[{"name":"wp","href":"https:\/\/api.w.org\/{rel}","templated":true}]}}