{"id":4857,"date":"2018-07-20T17:00:21","date_gmt":"2018-07-20T20:00:21","guid":{"rendered":"https:\/\/hostnetart.com.br\/baixada\/proxima-negociacao-do-bb-discutira-saude-do-trabalhador-e-seguranca-bancaria\/"},"modified":"2018-07-20T17:00:21","modified_gmt":"2018-07-20T20:00:21","slug":"proxima-negociacao-do-bb-discutira-saude-do-trabalhador-e-seguranca-bancaria","status":"publish","type":"post","link":"https:\/\/hostnetart.com.br\/baixada\/proxima-negociacao-do-bb-discutira-saude-do-trabalhador-e-seguranca-bancaria\/","title":{"rendered":"Pr\u00f3xima negocia\u00e7\u00e3o do BB discutir\u00e1 Sa\u00fade do Trabalhador e Seguran\u00e7a Banc\u00e1ria"},"content":{"rendered":"<div class=\"content\">\n<p>A Comiss\u00e3o de Empresa dos Funcion\u00e1rios do Banco do Brasil se reunir\u00e1 com a Fenaban (Federa\u00e7\u00e3o Nacional dos Bancos), no dia 23 de julho, na sede do BB, em Bras\u00edlia, para a terceira rodada de negocia\u00e7\u00f5es da Campanha Nacional dos Banc\u00e1rios 2018. O assunto a ser discutido ser\u00e1 Sa\u00fade do Trabalhador e os assuntos da pauta relacionados ao tema da seguran\u00e7a banc\u00e1ria.\u00a0<\/p>\n<p>Na \u00faltima reuni\u00e3o, realizada no dia 13 de julho, em S\u00e3o Paulo, foi firmado o compromisso de implanta\u00e7\u00e3o das mesas tem\u00e1ticas para debater com mais profundidade os assuntos mais complexos e que necessitam de um tempo maior de discuss\u00e3o.\u00a0<\/p>\n<p>Na mesa de Sa\u00fade do Trabalhador, ser\u00e1 discutida a realoca\u00e7\u00e3o de funcion\u00e1rios que voltam de licen\u00e7a sa\u00fade, bem como detalhamento do PCMSO e outros programas de sa\u00fade e na parte da seguran\u00e7a, as quest\u00f5es sobre prote\u00e7\u00e3o dos e realoca\u00e7\u00e3o de funcion\u00e1rios nos casos de ag\u00eancias explodidas, bem como a solicita\u00e7\u00e3o de reabertura de ag\u00eancias sinistradas, ainda sem previs\u00e3o.<\/p>\n<\/div>\n<p id=\"page-author\"><strong>Fonte: Contraf-CUT<\/strong><\/p>\n","protected":false},"excerpt":{"rendered":"<p>A Comiss\u00e3o de Empresa dos Funcion\u00e1rios do Banco do Brasil se reunir\u00e1 com a Fenaban (Federa\u00e7\u00e3o Nacional dos Bancos), no dia 23 de julho, na sede do BB, em Bras\u00edlia, para a terceira rodada de negocia\u00e7\u00f5es da Campanha Nacional dos Banc\u00e1rios 2018. O assunto a ser discutido ser\u00e1 Sa\u00fade do Trabalhador e os assuntos da [&hellip;]<\/p>\n","protected":false},"author":2,"featured_media":4856,"comment_status":"","ping_status":"","sticky":false,"template":"","format":"standard","meta":{"footnotes":""},"categories":[3],"tags":[],"class_list":["post-4857","post","type-post","status-publish","format-standard","has-post-thumbnail","hentry","category-noticias"],"_links":{"self":[{"href":"https:\/\/hostnetart.com.br\/baixada\/wp-json\/wp\/v2\/posts\/4857","targetHints":{"allow":["GET"]}}],"collection":[{"href":"https:\/\/hostnetart.com.br\/baixada\/wp-json\/wp\/v2\/posts"}],"about":[{"href":"https:\/\/hostnetart.com.br\/baixada\/wp-json\/wp\/v2\/types\/post"}],"author":[{"embeddable":true,"href":"https:\/\/hostnetart.com.br\/baixada\/wp-json\/wp\/v2\/users\/2"}],"replies":[{"embeddable":true,"href":"https:\/\/hostnetart.com.br\/baixada\/wp-json\/wp\/v2\/comments?post=4857"}],"version-history":[{"count":0,"href":"https:\/\/hostnetart.com.br\/baixada\/wp-json\/wp\/v2\/posts\/4857\/revisions"}],"wp:featuredmedia":[{"embeddable":true,"href":"https:\/\/hostnetart.com.br\/baixada\/wp-json\/wp\/v2\/media\/4856"}],"wp:attachment":[{"href":"https:\/\/hostnetart.com.br\/baixada\/wp-json\/wp\/v2\/media?parent=4857"}],"wp:term":[{"taxonomy":"category","embeddable":true,"href":"https:\/\/hostnetart.com.br\/baixada\/wp-json\/wp\/v2\/categories?post=4857"},{"taxonomy":"post_tag","embeddable":true,"href":"https:\/\/hostnetart.com.br\/baixada\/wp-json\/wp\/v2\/tags?post=4857"}],"curies":[{"name":"wp","href":"https:\/\/api.w.org\/{rel}","templated":true}]}}