{"id":4855,"date":"2018-07-20T14:25:24","date_gmt":"2018-07-20T17:25:24","guid":{"rendered":"https:\/\/hostnetart.com.br\/baixada\/arroz-pao-carne-leite-onibus-e-gas-pressionam-inflacao-em-julho\/"},"modified":"2018-07-20T14:25:24","modified_gmt":"2018-07-20T17:25:24","slug":"arroz-pao-carne-leite-onibus-e-gas-pressionam-inflacao-em-julho","status":"publish","type":"post","link":"https:\/\/hostnetart.com.br\/baixada\/arroz-pao-carne-leite-onibus-e-gas-pressionam-inflacao-em-julho\/","title":{"rendered":"Arroz, p\u00e3o, carne, leite, \u00f4nibus e g\u00e1s pressionam infla\u00e7\u00e3o em julho"},"content":{"rendered":"<p>Mesmo subindo menos do que no m\u00eas anterior, o\u00a0\u00cdndice Nacional de Pre\u00e7os ao Consumidor Amplo 15 (IPCA-15) teve em julho a maior varia\u00e7\u00e3o para o m\u00eas desde 2004 e ficou em 0,64%, ante 1,11% em junho. Com o resultado, divulgado nesta sexta-feira (20) pelo IBGE, a taxa no ano est\u00e1 acumulada em 3%. Em 12 meses, subiu para 4,53%, passando de 5% na regi\u00e3o metropolitana de S\u00e3o Paulo. Itens b\u00e1sicos, como alguns alimentos, g\u00e1s de cozinha e energia el\u00e9trica, tiveram alta neste m\u00eas.<\/p>\n<p>Tr\u00eas grupos \u2013\u00a0Alimenta\u00e7\u00e3o e Bebidas\u00a0(0,61%), Transportes\u00a0(0,79%) e Habita\u00e7\u00e3o\u00a0(1,99%) \u2013 foram respons\u00e1veis por 95% do \u00edndice geral. No primeiro, o de maior peso na composi\u00e7\u00e3o da taxa, a alta foi menor que a de junho (de 1,57% para 0,61%), com queda em produtos como\u00a0batata-inglesa (-24,80%), tomate (-23,57%), cebola\u00a0(-21,37%),\u00a0hortali\u00e7as\u00a0(-7,63%) e\u00a0frutas\u00a0(-5,24%).<\/p>\n<p>Mas itens importantes no dia a dia continuaram registrando alta. Casos do leite longa vida\u00a0(18,30%), frango inteiro(6,69%),\u00a0frango em peda\u00e7os\u00a0(4,11%),\u00a0arroz\u00a0(3,15%), p\u00e3o franc\u00eas\u00a0(2,58%) e carne\u00a0(1,10%). Comer fora de casa tamb\u00e9m subiu mais do que em junho, variando 0,38%.<\/p>\n<p>Em Transportes, o IBGE apurou queda de 0,57% nos combust\u00edveis, com redu\u00e7\u00e3o dos pre\u00e7os m\u00e9dios de \u00f3leo diesel\u00a0(-6,29%),\u00a0etanol\u00a0(-0,78%) e gasolina (-0,37%). Mas apenas a passagem a\u00e9rea, com varia\u00e7\u00e3o de 45,05%, teve impacto de 0,12 ponto percentual no IPCA-15. Tamb\u00e9m subiram itens como\u00a0\u00f4nibus interestadual\u00a0(4,60%),\u00a0\u00f4nibus urbano\u00a0(1,42%)\u00a0e\u00a0\u00f4nibus intermunicipal\u00a0(1,07%). Outra alta foi do ped\u00e1gio (0,46%), com reajustes em S\u00e3o Paulo e no Rio de Janeiro.<\/p>\n<p>Habita\u00e7\u00e3o teve a maior varia\u00e7\u00e3o entre os grupos e o maior impacto no m\u00eas, com 0,31 ponto percentual, quase metade do \u00edndice total. Destaque para a energia el\u00e9trica (6,77%), respons\u00e1vel por 0,25 ponto. O g\u00e1s de botij\u00e3o subiu 1,36% e o g\u00e1s encanado, 1,24%. Mais uma alta foi apurada para o item taxa de \u00e1gua e esgoto (1,27%).<\/p>\n<p>Entre as regi\u00f5es pesquisadas, o IPCA-15, &#8220;pr\u00e9via&#8221; da infla\u00e7\u00e3o oficial, variou de 0,07% (Bel\u00e9m) a 1,01% (Curitiba).\u00a0 No acumulado em 12 meses, as taxas v\u00e3o de 2,37% (Bel\u00e9m) a 5,12% (S\u00e3o Paulo).<\/p>\n<p>O IPCA e o INPC deste m\u00eas ser\u00e3o divulgados em 8 de agosto.<\/p>\n<p>\u00a0<\/p>\n<p><strong>FONTE: Rede Brasil Atual<\/strong><\/p>\n","protected":false},"excerpt":{"rendered":"<p>Mesmo subindo menos do que no m\u00eas anterior, o\u00a0\u00cdndice Nacional de Pre\u00e7os ao Consumidor Amplo 15 (IPCA-15) teve em julho a maior varia\u00e7\u00e3o para o m\u00eas desde 2004 e ficou em 0,64%, ante 1,11% em junho. Com o resultado, divulgado nesta sexta-feira (20) pelo IBGE, a taxa no ano est\u00e1 acumulada em 3%. Em 12 [&hellip;]<\/p>\n","protected":false},"author":2,"featured_media":4854,"comment_status":"","ping_status":"","sticky":false,"template":"","format":"standard","meta":{"footnotes":""},"categories":[3],"tags":[],"class_list":["post-4855","post","type-post","status-publish","format-standard","has-post-thumbnail","hentry","category-noticias"],"_links":{"self":[{"href":"https:\/\/hostnetart.com.br\/baixada\/wp-json\/wp\/v2\/posts\/4855","targetHints":{"allow":["GET"]}}],"collection":[{"href":"https:\/\/hostnetart.com.br\/baixada\/wp-json\/wp\/v2\/posts"}],"about":[{"href":"https:\/\/hostnetart.com.br\/baixada\/wp-json\/wp\/v2\/types\/post"}],"author":[{"embeddable":true,"href":"https:\/\/hostnetart.com.br\/baixada\/wp-json\/wp\/v2\/users\/2"}],"replies":[{"embeddable":true,"href":"https:\/\/hostnetart.com.br\/baixada\/wp-json\/wp\/v2\/comments?post=4855"}],"version-history":[{"count":0,"href":"https:\/\/hostnetart.com.br\/baixada\/wp-json\/wp\/v2\/posts\/4855\/revisions"}],"wp:featuredmedia":[{"embeddable":true,"href":"https:\/\/hostnetart.com.br\/baixada\/wp-json\/wp\/v2\/media\/4854"}],"wp:attachment":[{"href":"https:\/\/hostnetart.com.br\/baixada\/wp-json\/wp\/v2\/media?parent=4855"}],"wp:term":[{"taxonomy":"category","embeddable":true,"href":"https:\/\/hostnetart.com.br\/baixada\/wp-json\/wp\/v2\/categories?post=4855"},{"taxonomy":"post_tag","embeddable":true,"href":"https:\/\/hostnetart.com.br\/baixada\/wp-json\/wp\/v2\/tags?post=4855"}],"curies":[{"name":"wp","href":"https:\/\/api.w.org\/{rel}","templated":true}]}}