{"id":4853,"date":"2018-07-20T14:24:40","date_gmt":"2018-07-20T17:24:40","guid":{"rendered":"https:\/\/hostnetart.com.br\/baixada\/crivella-vive-situacao-delicada-apos-denuncias-de-favorecimento-a-grupos-religiosos\/"},"modified":"2018-07-20T14:24:40","modified_gmt":"2018-07-20T17:24:40","slug":"crivella-vive-situacao-delicada-apos-denuncias-de-favorecimento-a-grupos-religiosos","status":"publish","type":"post","link":"https:\/\/hostnetart.com.br\/baixada\/crivella-vive-situacao-delicada-apos-denuncias-de-favorecimento-a-grupos-religiosos\/","title":{"rendered":"Crivella vive situa\u00e7\u00e3o &#8216;delicada&#8217; ap\u00f3s den\u00fancias de favorecimento a grupos religiosos"},"content":{"rendered":"<p>Ap\u00f3s den\u00fancias de uso da m\u00e1quina p\u00fablica para favorecer grupos religiosos, o prefeito do Rio de Janeiro, Marcelo Crivella (PRB), vive uma situa\u00e7\u00e3o bastante complicada do ponto de vista de sua sustenta\u00e7\u00e3o pol\u00edtica. Essa \u00e9 avalia\u00e7\u00e3o do\u00a0cientista pol\u00edtico da Universidade Federal do Rio de Janeiro (UFRJ) Paulo Ba\u00eda, ao dizer que o prefeito n\u00e3o poder\u00e1 mais cometer deslizes, e tamb\u00e9m do\u00a0vereador Tarc\u00edsio Motta (Psol), que sinaliza para uma atua\u00e7\u00e3o mais contundente, por parte dos opositores, em rela\u00e7\u00e3o\u00a0<a class=\"internal-link\" title=\"\" href=\"https:\/\/www.redebrasilatual.com.br\/politica\/2016\/11\/com-apoio-dos-neopentecostais-e-da-direita-crivella-sinaliza-gestao-conservadora-2732.html\" target=\"_blank\" rel=\"noopener noreferrer\">\u00e0s a\u00e7\u00f5es de Crivella<\/a>.<\/p>\n<p>Para o vereador, a\u00a0<a class=\"external-link\" title=\"\" href=\"https:\/\/noticias.uol.com.br\/politica\/ultimas-noticias\/2018\/07\/16\/justica-proibe-crivella-de-usar-maquina-publica-para-interesses-pessoais-ou-religiosos.htm\" target=\"_blank\" rel=\"noopener noreferrer\">decis\u00e3o do juiz\u00a0Rafael Cavalcanti Cruz, da 7\u00aa Vara de Fazenda P\u00fablica<\/a>, deixa evidente a\u00a0inadmissibilidade\u00a0das a\u00e7\u00f5es do chefe do Executivo municipal. &#8220;Olha o n\u00edvel a que chegamos. A Justi\u00e7a tem que determinar algo \u00f3bvio: o Estado \u00e9 laico. Espero que seja mais uma decis\u00e3o que demonstre que as a\u00e7\u00f5es de Crivella s\u00e3o inaceit\u00e1veis&#8221;, diz.<\/p>\n<p>J\u00e1 o cientista pol\u00edtico argumenta que a situa\u00e7\u00e3o do prefeito \u00e9 delicada por ter de lidar com duas frentes: a C\u00e2mara Municipal e a Justi\u00e7a. &#8220;Na base parlamentar ele tem maioria, mas a oposi\u00e7\u00e3o est\u00e1 organizada e vai continuar pressionando. A outra \u00e9 o Minist\u00e9rio P\u00fablico, onde est\u00e1 a maior fragilidade. Com a decis\u00e3o sobre as restri\u00e7\u00f5es, isso facilita a oposi\u00e7\u00e3o a denunci\u00e1-lo por n\u00e3o cumprimento de uma ordem judicial&#8221;, explica.<\/p>\n<p>O parlamentar afirma que o prefeito\u00a0<a class=\"internal-link\" title=\"\" href=\"https:\/\/www.redebrasilatual.com.br\/revistas\/136\/crivella-1-ano-menosprezo-diversidade-culto-intolerancia-rio-de-abandono\" target=\"_blank\" rel=\"noopener noreferrer\">n\u00e3o sabe separar suas prefer\u00eancias religiosas<\/a>\u00a0da gest\u00e3o, e cita alguns epis\u00f3dios para ilustrar. &#8220;Os guardas municipais tiveram que\u00a0<a class=\"external-link\" title=\"\" href=\"https:\/\/g1.globo.com\/rio-de-janeiro\/noticia\/prefeitura-do-rio-faz-censo-religioso-na-guarda-municipal.ghtml\" target=\"_blank\" rel=\"noopener noreferrer\">declarar sua religi\u00e3o num censo interno<\/a>, tamb\u00e9m houve manifesta\u00e7\u00f5es de religi\u00f5es de matriz africana com\u00a0<a class=\"external-link\" title=\"\" href=\"https:\/\/www.cartacapital.com.br\/diversidade\/religioes-de-matriz-africana-se-unem-contra-decreto-de-crivella-no-rio\" target=\"_blank\" rel=\"noopener noreferrer\">dificuldades de autoriza\u00e7\u00e3o para realizarem eventos<\/a>, enquanto foi cedido facilmente o samb\u00f3dromo para outros eventos religiosos. Al\u00e9m disso, ele mostra que seu entendimento de pol\u00edtica p\u00fablica \u00e9 como se fosse caridade&#8221;, critica.<\/p>\n<p>Tarc\u00edsio Motta acrescenta que a base oposicionista continuar\u00e1 atuante e planeja a abertura de uma Comiss\u00e3o Parlamentar de Inqu\u00e9rito (CPI) j\u00e1 em agosto, para apurar as den\u00fancias sobre uma suposta fraude na fila do Sistema de Regula\u00e7\u00e3o de Vagas da Sa\u00fade Municipal (Sisreg) do Rio.<\/p>\n<p>Al\u00e9m da CPI do Sisreg, a &#8220;CPI da M\u00e1rcia&#8221; pretende investigar os fatos relativos \u00e0 funcion\u00e1ria da prefeitura que seria respons\u00e1vel pelo direcionamento de fi\u00e9is para procedimentos como opera\u00e7\u00f5es de catarata. A comiss\u00e3o j\u00e1 tem as 17 assinaturas necess\u00e1rias para ser instalada e seu pedido de abertura tamb\u00e9m foi protocolado. &#8220;De acordo com as provas que forem coletadas, a gente retoma o debate do Crivella ter condi\u00e7\u00f5es ou n\u00e3o te permanecer no cargo. Isso \u00e9 um debate dif\u00edcil por causa da base fisiol\u00f3gica, que age sem princ\u00edpios&#8221;, alerta o vereador do Psol.<\/p>\n<p>Para ele, com o descr\u00e9dito vivido pelo prefeito, o Rio vive uma crise de governabilidade. &#8220;Temos um presidente apoiado pela margem de erro, um ex-governador em exerc\u00edcio que n\u00e3o tem ger\u00eancia sobre a seguran\u00e7a e um prefeito atolado em den\u00fancias e cr\u00edticas, com recorde rejei\u00e7\u00e3o na capital.\u00a0Essa crise influi na descren\u00e7a, a popula\u00e7\u00e3o acredita que o servi\u00e7o de sa\u00fade n\u00e3o ser\u00e1 mais transparente. Est\u00e3o naturalizando coisas que n\u00e3o deveriam&#8221;, lamenta.<\/p>\n<p>No \u00faltimo dia 12, por 29 votos a 16, a C\u00e2mara Municipal do Rio negou a admiss\u00e3o de um\u00a0<a class=\"internal-link\" title=\"\" href=\"https:\/\/www.redebrasilatual.com.br\/politica\/2018\/07\/camara-do-rio-discute-impeachment-de-crivella-por-favorecimento-a-evangelicos\" target=\"_blank\" rel=\"noopener noreferrer\">pedido de impeachment<\/a>\u00a0contra<a class=\"internal-link\" title=\"\" href=\"https:\/\/www.redebrasilatual.com.br\/revistas\/136\/crivella-1-ano-menosprezo-diversidade-culto-intolerancia-rio-de-abandono\" target=\"_blank\" rel=\"noopener noreferrer\">\u00a0Crivella<\/a>. O\u00a0recesso parlamentar foi retomado at\u00e9 o dia 31.<\/p>\n<p>\u00a0<\/p>\n<p><strong>FONTE: Rede Brasil Atual<\/strong><\/p>\n","protected":false},"excerpt":{"rendered":"<p>Ap\u00f3s den\u00fancias de uso da m\u00e1quina p\u00fablica para favorecer grupos religiosos, o prefeito do Rio de Janeiro, Marcelo Crivella (PRB), vive uma situa\u00e7\u00e3o bastante complicada do ponto de vista de sua sustenta\u00e7\u00e3o pol\u00edtica. Essa \u00e9 avalia\u00e7\u00e3o do\u00a0cientista pol\u00edtico da Universidade Federal do Rio de Janeiro (UFRJ) Paulo Ba\u00eda, ao dizer que o prefeito n\u00e3o poder\u00e1 [&hellip;]<\/p>\n","protected":false},"author":2,"featured_media":4852,"comment_status":"","ping_status":"","sticky":false,"template":"","format":"standard","meta":{"footnotes":""},"categories":[3],"tags":[],"class_list":["post-4853","post","type-post","status-publish","format-standard","has-post-thumbnail","hentry","category-noticias"],"_links":{"self":[{"href":"https:\/\/hostnetart.com.br\/baixada\/wp-json\/wp\/v2\/posts\/4853","targetHints":{"allow":["GET"]}}],"collection":[{"href":"https:\/\/hostnetart.com.br\/baixada\/wp-json\/wp\/v2\/posts"}],"about":[{"href":"https:\/\/hostnetart.com.br\/baixada\/wp-json\/wp\/v2\/types\/post"}],"author":[{"embeddable":true,"href":"https:\/\/hostnetart.com.br\/baixada\/wp-json\/wp\/v2\/users\/2"}],"replies":[{"embeddable":true,"href":"https:\/\/hostnetart.com.br\/baixada\/wp-json\/wp\/v2\/comments?post=4853"}],"version-history":[{"count":0,"href":"https:\/\/hostnetart.com.br\/baixada\/wp-json\/wp\/v2\/posts\/4853\/revisions"}],"wp:featuredmedia":[{"embeddable":true,"href":"https:\/\/hostnetart.com.br\/baixada\/wp-json\/wp\/v2\/media\/4852"}],"wp:attachment":[{"href":"https:\/\/hostnetart.com.br\/baixada\/wp-json\/wp\/v2\/media?parent=4853"}],"wp:term":[{"taxonomy":"category","embeddable":true,"href":"https:\/\/hostnetart.com.br\/baixada\/wp-json\/wp\/v2\/categories?post=4853"},{"taxonomy":"post_tag","embeddable":true,"href":"https:\/\/hostnetart.com.br\/baixada\/wp-json\/wp\/v2\/tags?post=4853"}],"curies":[{"name":"wp","href":"https:\/\/api.w.org\/{rel}","templated":true}]}}