{"id":4851,"date":"2018-07-20T13:43:45","date_gmt":"2018-07-20T16:43:45","guid":{"rendered":"https:\/\/hostnetart.com.br\/baixada\/3-rodada-de-negociacao-aconteceu-nesta-quinta-feira-19-07\/"},"modified":"2018-07-20T13:43:45","modified_gmt":"2018-07-20T16:43:45","slug":"3-rodada-de-negociacao-aconteceu-nesta-quinta-feira-19-07","status":"publish","type":"post","link":"https:\/\/hostnetart.com.br\/baixada\/3-rodada-de-negociacao-aconteceu-nesta-quinta-feira-19-07\/","title":{"rendered":"3\u00aa rodada de negocia\u00e7\u00e3o aconteceu nesta quinta-feira, 19\/07"},"content":{"rendered":"<p>Aconteceu nesta \u00faltima quinta-feira, 19\/7, em S\u00e3o Paulo, a terceira rodada de negocia\u00e7\u00e3o entre o Comando Nacional dos Banc\u00e1rios e a Fenaban. Sa\u00fade e condi\u00e7\u00f5es de trabalho foram os temas da pauta da reuni\u00e3o de hoje.<\/p>\n<p>O Comando Nacional apresentou pesquisa recente realizada pelo Minist\u00e9rio P\u00fablico do Trabalho, em parceria com a Organiza\u00e7\u00e3o Internacional do Trabalho, comprovando que os afastamentos pela Previd\u00eancia por doen\u00e7as psicossom\u00e1ticas aumentaram na categ<span class=\"text_exposed_show\">oria. Representantes da Fenaban reagiram argumentando que os transtornos mentais s\u00e3o fen\u00f4menos mundiais e que n\u00e3o necessariamente est\u00e3o relacionados ao trabalho.<\/span><\/p>\n<div class=\"text_exposed_show\">\n<p>Depois de horas de discuss\u00e3o, a Fenaban se comprometeu a ajustar e implementar algumas cl\u00e1usulas do Acordo como a 57, que trata do Programa de Desenvolvimento Organizacional para as Rela\u00e7\u00f5es de Trabalho e a 58 sobre o Protocolo para Preven\u00e7\u00e3o de Conflitos no Ambiente de Trabalho, quando prometeram analisar a diminui\u00e7\u00e3o do prazo de respostas \u00e0s den\u00fancias de ass\u00e9dio, entre outros compromissos.<\/p>\n<p>A pr\u00f3xima rodada de negocia\u00e7\u00e3o est\u00e1 marcada para o dia 25\/7 quando o Emprego ser\u00e1 a pauta da vez.<\/p>\n<p><a class=\"_58cn\" href=\"https:\/\/web.facebook.com\/hashtag\/soalutanosgarante?source=feed_text\" data-ft=\"{&quot;tn&quot;:&quot;*N&quot;,&quot;type&quot;:104}\"><span class=\"_5afx\"><span class=\"_58cl _5afz\">#<\/span><span class=\"_58cm\">SoALutaNosGarante<\/span><\/span><\/a><br \/><a class=\"_58cn\" href=\"https:\/\/web.facebook.com\/hashtag\/juntossomosmais?source=feed_text\" data-ft=\"{&quot;tn&quot;:&quot;*N&quot;,&quot;type&quot;:104}\"><span class=\"_5afx\"><span class=\"_58cl _5afz\">#<\/span><span class=\"_58cm\">JuntosSomosMais<\/span><\/span><\/a><br \/><a class=\"_58cn\" href=\"https:\/\/web.facebook.com\/hashtag\/nenhumdireitoamenos?source=feed_text\" data-ft=\"{&quot;tn&quot;:&quot;*N&quot;,&quot;type&quot;:104}\"><span class=\"_5afx\"><span class=\"_58cl _5afz\">#<\/span><span class=\"_58cm\">NenhumDireitoAMenos<\/span><\/span><\/a><\/p>\n<\/div>\n","protected":false},"excerpt":{"rendered":"<p>Aconteceu nesta \u00faltima quinta-feira, 19\/7, em S\u00e3o Paulo, a terceira rodada de negocia\u00e7\u00e3o entre o Comando Nacional dos Banc\u00e1rios e a Fenaban. Sa\u00fade e condi\u00e7\u00f5es de trabalho foram os temas da pauta da reuni\u00e3o de hoje. O Comando Nacional apresentou pesquisa recente realizada pelo Minist\u00e9rio P\u00fablico do Trabalho, em parceria com a Organiza\u00e7\u00e3o Internacional do [&hellip;]<\/p>\n","protected":false},"author":2,"featured_media":4850,"comment_status":"","ping_status":"","sticky":false,"template":"","format":"standard","meta":{"footnotes":""},"categories":[3],"tags":[],"class_list":["post-4851","post","type-post","status-publish","format-standard","has-post-thumbnail","hentry","category-noticias"],"_links":{"self":[{"href":"https:\/\/hostnetart.com.br\/baixada\/wp-json\/wp\/v2\/posts\/4851","targetHints":{"allow":["GET"]}}],"collection":[{"href":"https:\/\/hostnetart.com.br\/baixada\/wp-json\/wp\/v2\/posts"}],"about":[{"href":"https:\/\/hostnetart.com.br\/baixada\/wp-json\/wp\/v2\/types\/post"}],"author":[{"embeddable":true,"href":"https:\/\/hostnetart.com.br\/baixada\/wp-json\/wp\/v2\/users\/2"}],"replies":[{"embeddable":true,"href":"https:\/\/hostnetart.com.br\/baixada\/wp-json\/wp\/v2\/comments?post=4851"}],"version-history":[{"count":0,"href":"https:\/\/hostnetart.com.br\/baixada\/wp-json\/wp\/v2\/posts\/4851\/revisions"}],"wp:featuredmedia":[{"embeddable":true,"href":"https:\/\/hostnetart.com.br\/baixada\/wp-json\/wp\/v2\/media\/4850"}],"wp:attachment":[{"href":"https:\/\/hostnetart.com.br\/baixada\/wp-json\/wp\/v2\/media?parent=4851"}],"wp:term":[{"taxonomy":"category","embeddable":true,"href":"https:\/\/hostnetart.com.br\/baixada\/wp-json\/wp\/v2\/categories?post=4851"},{"taxonomy":"post_tag","embeddable":true,"href":"https:\/\/hostnetart.com.br\/baixada\/wp-json\/wp\/v2\/tags?post=4851"}],"curies":[{"name":"wp","href":"https:\/\/api.w.org\/{rel}","templated":true}]}}