{"id":4847,"date":"2018-07-20T13:41:26","date_gmt":"2018-07-20T16:41:26","guid":{"rendered":"https:\/\/hostnetart.com.br\/baixada\/os-empregados-da-caixa-vestirao-branco-em-defesa-do-saude-caixa\/"},"modified":"2018-07-20T13:41:26","modified_gmt":"2018-07-20T16:41:26","slug":"os-empregados-da-caixa-vestirao-branco-em-defesa-do-saude-caixa","status":"publish","type":"post","link":"https:\/\/hostnetart.com.br\/baixada\/os-empregados-da-caixa-vestirao-branco-em-defesa-do-saude-caixa\/","title":{"rendered":"Os empregados da Caixa vestir\u00e3o branco em defesa do Sa\u00fade Caixa"},"content":{"rendered":"<div class=\"content\">\n<p>Em defesa do Sa\u00fade Caixa, os empregados do banco devem usar roupas brancas no dia 25 de julho. A data foi definida como o Dia Nacional de Luta em Defesa dos Planos de Sa\u00fade de empresas p\u00fablicas, pelo Comando Nacional dos Banc\u00e1rios. O objetivo \u00e9 denunciar a tentativa de ataque aos acordos coletivos e aos direitos dos trabalhadores das empresas p\u00fablicas.<\/p>\n<p>A Comiss\u00e3o Interministerial de Governan\u00e7a Corporativa e de Administra\u00e7\u00e3o de Participa\u00e7\u00f5es Societ\u00e1rias da Uni\u00e3o (CGPAR), \u00f3rg\u00e3o do Minist\u00e9rio do Planejamento, Desenvolvimento e Gest\u00e3o, apresentou diversas altera\u00e7\u00f5es \u00e0 gest\u00e3o dos planos de assist\u00eancia m\u00e9dica dos trabalhadores das empresas p\u00fablicas federais.<\/p>\n<p>Para Dion\u00edsio Reis, coordenador da Comiss\u00e3o Executiva dos Empregados da Caixa (CEE\/Caixa), esta medida configura nova possibilidade de ataque ao Sa\u00fade Caixa. \u201cOrientamos a realiza\u00e7\u00e3o de paralisa\u00e7\u00f5es de uma hora e a indica\u00e7\u00e3o do uso da cor branca, nas roupas e nos materiais, como forma de envolvimento dos trabalhadores nas mobiliza\u00e7\u00f5es.\u201d<\/p>\n<p>Tramita na C\u00e2mara dos Deputados a Proposta de Decreto Legislativo (PDC 956\/2018), no anexo, de autoria da Deputada Federal \u00c9rika Kokay \u2013 PT\/DF que aponta os excessos na resolu\u00e7\u00e3o da CGPAR, que v\u00e3o al\u00e9m das atribui\u00e7\u00f5es do \u00f3rg\u00e3o. \u201cOs empregados devem demonstrar Total apoio ao PDC 956\/18 para p\u00f4r fim aos excessos das medidas da CGPAR\u201d, completou o coordenador da CEE\/Caixa. Clique\u00a0<a href=\"https:\/\/forms.camara.leg.br\/ex\/enquetes\/2176886\">aqui<\/a>\u00a0para apoiar o projeto.<\/p>\n<\/div>\n<p id=\"page-author\"><strong>Fonte: Contraf-CUT<\/strong><\/p>\n","protected":false},"excerpt":{"rendered":"<p>Em defesa do Sa\u00fade Caixa, os empregados do banco devem usar roupas brancas no dia 25 de julho. A data foi definida como o Dia Nacional de Luta em Defesa dos Planos de Sa\u00fade de empresas p\u00fablicas, pelo Comando Nacional dos Banc\u00e1rios. O objetivo \u00e9 denunciar a tentativa de ataque aos acordos coletivos e aos [&hellip;]<\/p>\n","protected":false},"author":2,"featured_media":4846,"comment_status":"","ping_status":"","sticky":false,"template":"","format":"standard","meta":{"footnotes":""},"categories":[3],"tags":[],"class_list":["post-4847","post","type-post","status-publish","format-standard","has-post-thumbnail","hentry","category-noticias"],"_links":{"self":[{"href":"https:\/\/hostnetart.com.br\/baixada\/wp-json\/wp\/v2\/posts\/4847","targetHints":{"allow":["GET"]}}],"collection":[{"href":"https:\/\/hostnetart.com.br\/baixada\/wp-json\/wp\/v2\/posts"}],"about":[{"href":"https:\/\/hostnetart.com.br\/baixada\/wp-json\/wp\/v2\/types\/post"}],"author":[{"embeddable":true,"href":"https:\/\/hostnetart.com.br\/baixada\/wp-json\/wp\/v2\/users\/2"}],"replies":[{"embeddable":true,"href":"https:\/\/hostnetart.com.br\/baixada\/wp-json\/wp\/v2\/comments?post=4847"}],"version-history":[{"count":0,"href":"https:\/\/hostnetart.com.br\/baixada\/wp-json\/wp\/v2\/posts\/4847\/revisions"}],"wp:featuredmedia":[{"embeddable":true,"href":"https:\/\/hostnetart.com.br\/baixada\/wp-json\/wp\/v2\/media\/4846"}],"wp:attachment":[{"href":"https:\/\/hostnetart.com.br\/baixada\/wp-json\/wp\/v2\/media?parent=4847"}],"wp:term":[{"taxonomy":"category","embeddable":true,"href":"https:\/\/hostnetart.com.br\/baixada\/wp-json\/wp\/v2\/categories?post=4847"},{"taxonomy":"post_tag","embeddable":true,"href":"https:\/\/hostnetart.com.br\/baixada\/wp-json\/wp\/v2\/tags?post=4847"}],"curies":[{"name":"wp","href":"https:\/\/api.w.org\/{rel}","templated":true}]}}