{"id":4845,"date":"2018-07-19T20:07:34","date_gmt":"2018-07-19T23:07:34","guid":{"rendered":"https:\/\/hostnetart.com.br\/baixada\/dia-25-de-julho-e-dia-nacional-de-luta-em-defesa-dos-planos-de-saude\/"},"modified":"2018-07-19T20:07:34","modified_gmt":"2018-07-19T23:07:34","slug":"dia-25-de-julho-e-dia-nacional-de-luta-em-defesa-dos-planos-de-saude","status":"publish","type":"post","link":"https:\/\/hostnetart.com.br\/baixada\/dia-25-de-julho-e-dia-nacional-de-luta-em-defesa-dos-planos-de-saude\/","title":{"rendered":"Dia 25 de julho \u00e9 Dia Nacional de Luta em Defesa dos Planos de Sa\u00fade"},"content":{"rendered":"<div class=\"content\">\n<p>O Comando Nacional dos Banc\u00e1rios orienta os sindicatos a organizarem Dia Nacional de Luta em Defesa dos Planos de Sa\u00fade de empresas p\u00fablicas com mobiliza\u00e7\u00f5es no pr\u00f3ximo dia 25 de julho de 2018. O objetivo \u00e9 denunciar a tentativa de ataque aos acordos coletivos e aos direitos dos trabalhadores das empresas p\u00fablicas.<\/p>\n<p>A Comiss\u00e3o Interministerial de Governan\u00e7a Corporativa e de Administra\u00e7\u00e3o de Participa\u00e7\u00f5es Societ\u00e1rias da Uni\u00e3o \u2013 CGPAR, \u00f3rg\u00e3o do Minist\u00e9rio do Planejamento, Desenvolvimento e Gest\u00e3o, atrav\u00e9s da Resolu\u00e7\u00e3o n\u00ba 22, de 18 de janeiro de 2018 (anexa), apresentou diversas altera\u00e7\u00f5es \u00e0 gest\u00e3o dos planos de assist\u00eancia m\u00e9dica dos trabalhadores das empresas p\u00fablicas federais.<\/p>\n<p>Para Dion\u00edsio Reis, coordenador da Comiss\u00e3o Executiva dos Empregados da Caixa (CEE\/Caixa), esta medida configura nova possibilidade de ataque aos trabalhadores de empresas p\u00fablicas e a seus planos de assist\u00eancia m\u00e9dica. \u201cOrientamos a realiza\u00e7\u00e3o de paralisa\u00e7\u00f5es de uma hora e a indica\u00e7\u00e3o do uso da cor branca, nas roupas e nos materiais, como forma de envolvimento dos trabalhadores nas mobiliza\u00e7\u00f5es. Total apoio ao PDC 956\/18 para p\u00f4r fim aos excessos das medidas da CGPAR.\u201d<\/p>\n<p>Tramita na C\u00e2mara dos Deputados a Proposta de Decreto Legislativo (PDC 956\/2018), no anexo, de autoria da Deputada Federal \u00c9rika Kokay \u2013 PT\/DF que aponta os excessos na resolu\u00e7\u00e3o da CGPAR, que v\u00e3o al\u00e9m das atribui\u00e7\u00f5es do \u00f3rg\u00e3o.<\/p>\n<p>De acordo com Wagner Nascimento, coordenador da Comiss\u00e3o de Empresa dos Funcion\u00e1rios do Banco do Brasil, os planos de sa\u00fade das empresas estatais est\u00e3o sob forte ataque do governo. \u201cNo caso do BB, as resolu\u00e7\u00f5es da CGPAR j\u00e1 trouxeram estragos como incerteza de ter o plano na aposentadoria e ainda, querem jogar a conta dos problemas mais para os funcion\u00e1rios e menos para o banco. Os funcion\u00e1rios precisam se mobilizar para barrar essas propostas que retiram direitos.\u201d<\/p>\n<\/div>\n<p id=\"page-author\"><strong>Fonte: Contraf-CUT<\/strong><\/p>\n","protected":false},"excerpt":{"rendered":"<p>O Comando Nacional dos Banc\u00e1rios orienta os sindicatos a organizarem Dia Nacional de Luta em Defesa dos Planos de Sa\u00fade de empresas p\u00fablicas com mobiliza\u00e7\u00f5es no pr\u00f3ximo dia 25 de julho de 2018. O objetivo \u00e9 denunciar a tentativa de ataque aos acordos coletivos e aos direitos dos trabalhadores das empresas p\u00fablicas. A Comiss\u00e3o Interministerial [&hellip;]<\/p>\n","protected":false},"author":2,"featured_media":4844,"comment_status":"","ping_status":"","sticky":false,"template":"","format":"standard","meta":{"footnotes":""},"categories":[3],"tags":[],"class_list":["post-4845","post","type-post","status-publish","format-standard","has-post-thumbnail","hentry","category-noticias"],"_links":{"self":[{"href":"https:\/\/hostnetart.com.br\/baixada\/wp-json\/wp\/v2\/posts\/4845","targetHints":{"allow":["GET"]}}],"collection":[{"href":"https:\/\/hostnetart.com.br\/baixada\/wp-json\/wp\/v2\/posts"}],"about":[{"href":"https:\/\/hostnetart.com.br\/baixada\/wp-json\/wp\/v2\/types\/post"}],"author":[{"embeddable":true,"href":"https:\/\/hostnetart.com.br\/baixada\/wp-json\/wp\/v2\/users\/2"}],"replies":[{"embeddable":true,"href":"https:\/\/hostnetart.com.br\/baixada\/wp-json\/wp\/v2\/comments?post=4845"}],"version-history":[{"count":0,"href":"https:\/\/hostnetart.com.br\/baixada\/wp-json\/wp\/v2\/posts\/4845\/revisions"}],"wp:featuredmedia":[{"embeddable":true,"href":"https:\/\/hostnetart.com.br\/baixada\/wp-json\/wp\/v2\/media\/4844"}],"wp:attachment":[{"href":"https:\/\/hostnetart.com.br\/baixada\/wp-json\/wp\/v2\/media?parent=4845"}],"wp:term":[{"taxonomy":"category","embeddable":true,"href":"https:\/\/hostnetart.com.br\/baixada\/wp-json\/wp\/v2\/categories?post=4845"},{"taxonomy":"post_tag","embeddable":true,"href":"https:\/\/hostnetart.com.br\/baixada\/wp-json\/wp\/v2\/tags?post=4845"}],"curies":[{"name":"wp","href":"https:\/\/api.w.org\/{rel}","templated":true}]}}