{"id":4843,"date":"2018-07-19T20:06:38","date_gmt":"2018-07-19T23:06:38","guid":{"rendered":"https:\/\/hostnetart.com.br\/baixada\/querotrabalharempaz-entre-os-assuntos-mais-comentados-no-brasil\/"},"modified":"2018-07-19T20:06:38","modified_gmt":"2018-07-19T23:06:38","slug":"querotrabalharempaz-entre-os-assuntos-mais-comentados-no-brasil","status":"publish","type":"post","link":"https:\/\/hostnetart.com.br\/baixada\/querotrabalharempaz-entre-os-assuntos-mais-comentados-no-brasil\/","title":{"rendered":"#QueroTrabalharEmPaz entre os assuntos mais comentados no Brasil"},"content":{"rendered":"<div class=\"content\">\n<p>O\u00a0tuita\u00e7o\u00a0realizado na manh\u00e3 desta quinta-feira 19 por sa\u00fade e melhores condi\u00e7\u00f5es de trabalho esteve, por cerca de 2 horas, entre os 10 assuntos mais comentados do Twitter no Brasil. Utilizando a hashtag #QueroTrabalharEmPaz,\u00a0banc\u00e1rios e trabalhadores de outras categorias tamb\u00e9m pedem, desde as 9h, o fim do ass\u00e9dio moral e das metas abusivas nos bancos.<\/p>\n<p>Nesta quinta-feira, a\u00a0terceira mesa de negocia\u00e7\u00e3o da Campanha Nacional entre banc\u00e1rios e a Fenaban\u00a0(federa\u00e7\u00e3o dos bancos), que acontece desde \u00e0s 10h de hoje, aborda\u00a0justamente o tema Sa\u00fade e Condi\u00e7\u00f5es de Trabalho. Os banc\u00e1rios sofrem com sobrecarga de trabalho, potencializada com o corte de empregos; cobran\u00e7a abusiva por metas; ass\u00e9dio moral e outros fatores nocivos \u00e0 sa\u00fade presentes em ag\u00eancias e departamentos.\u00a0<\/p>\n<p>Lembremos que boas condi\u00e7\u00f5es de trabalho banc\u00e1rio significam melhor atendimento aos clientes e ganhos para toda a sociedade!<\/p>\n<\/div>\n<p id=\"page-author\">Fonte: Seeb SP<\/p>\n","protected":false},"excerpt":{"rendered":"<p>O\u00a0tuita\u00e7o\u00a0realizado na manh\u00e3 desta quinta-feira 19 por sa\u00fade e melhores condi\u00e7\u00f5es de trabalho esteve, por cerca de 2 horas, entre os 10 assuntos mais comentados do Twitter no Brasil. Utilizando a hashtag #QueroTrabalharEmPaz,\u00a0banc\u00e1rios e trabalhadores de outras categorias tamb\u00e9m pedem, desde as 9h, o fim do ass\u00e9dio moral e das metas abusivas nos bancos. Nesta [&hellip;]<\/p>\n","protected":false},"author":2,"featured_media":4842,"comment_status":"","ping_status":"","sticky":false,"template":"","format":"standard","meta":{"footnotes":""},"categories":[3],"tags":[],"class_list":["post-4843","post","type-post","status-publish","format-standard","has-post-thumbnail","hentry","category-noticias"],"_links":{"self":[{"href":"https:\/\/hostnetart.com.br\/baixada\/wp-json\/wp\/v2\/posts\/4843","targetHints":{"allow":["GET"]}}],"collection":[{"href":"https:\/\/hostnetart.com.br\/baixada\/wp-json\/wp\/v2\/posts"}],"about":[{"href":"https:\/\/hostnetart.com.br\/baixada\/wp-json\/wp\/v2\/types\/post"}],"author":[{"embeddable":true,"href":"https:\/\/hostnetart.com.br\/baixada\/wp-json\/wp\/v2\/users\/2"}],"replies":[{"embeddable":true,"href":"https:\/\/hostnetart.com.br\/baixada\/wp-json\/wp\/v2\/comments?post=4843"}],"version-history":[{"count":0,"href":"https:\/\/hostnetart.com.br\/baixada\/wp-json\/wp\/v2\/posts\/4843\/revisions"}],"wp:featuredmedia":[{"embeddable":true,"href":"https:\/\/hostnetart.com.br\/baixada\/wp-json\/wp\/v2\/media\/4842"}],"wp:attachment":[{"href":"https:\/\/hostnetart.com.br\/baixada\/wp-json\/wp\/v2\/media?parent=4843"}],"wp:term":[{"taxonomy":"category","embeddable":true,"href":"https:\/\/hostnetart.com.br\/baixada\/wp-json\/wp\/v2\/categories?post=4843"},{"taxonomy":"post_tag","embeddable":true,"href":"https:\/\/hostnetart.com.br\/baixada\/wp-json\/wp\/v2\/tags?post=4843"}],"curies":[{"name":"wp","href":"https:\/\/api.w.org\/{rel}","templated":true}]}}