{"id":4841,"date":"2018-07-19T14:08:11","date_gmt":"2018-07-19T17:08:11","guid":{"rendered":"https:\/\/hostnetart.com.br\/baixada\/comando-nacional-se-reune-para-debater-saude-e-condicoes-de-trabalho\/"},"modified":"2018-07-19T14:08:11","modified_gmt":"2018-07-19T17:08:11","slug":"comando-nacional-se-reune-para-debater-saude-e-condicoes-de-trabalho","status":"publish","type":"post","link":"https:\/\/hostnetart.com.br\/baixada\/comando-nacional-se-reune-para-debater-saude-e-condicoes-de-trabalho\/","title":{"rendered":"Comando Nacional se re\u00fane para debater sa\u00fade e condi\u00e7\u00f5es de trabalho"},"content":{"rendered":"<div class=\"content\">\n<p>Dados sobre adoecimento nos bancos, sobre afastamentos por acidente ou doen\u00e7a ocupacional, impactos no sistema previdenci\u00e1rio e um amplo debate sobre formas de alterar esse quadro. Assim pode ser resumida a reuni\u00e3o realizada na quarta-feira (18), na sede da Confedera\u00e7\u00e3o dos Trabalhadores do Ramo Financeiro (Contraf-CUT), em S\u00e3o Paulo. O Comando Nacional dos Banc\u00e1rios \u2013 composto por 35 dirigentes sindicais de todo o Brasil, e assessorado pelos coordenadores das comiss\u00f5es de organiza\u00e7\u00e3o dos empregados (COEs) dos bancos \u2013 se debru\u00e7ou durante todo o dia sobre informa\u00e7\u00f5es relativas ao setor em prepara\u00e7\u00e3o para a rodada de negocia\u00e7\u00e3o desta quinta-feira (19).<\/p>\n<p>\u201cSa\u00fade e condi\u00e7\u00f5es de trabalho s\u00e3o temas muito caros aos trabalhadores\u201d, afirma Juvandia Moreira, presidenta Contraf-CUT, lembrando que em pesquisa realizada nacionalmente, 18% dos trabalhadores destacaram o combate ao ass\u00e9dio moral como uma das prioridades da Campanha Nacional Unificada 2018, atr\u00e1s somente da conquista do aumento real, com 25% e a manuten\u00e7\u00e3o de direitos com 23%.<\/p>\n<p>O setor financeiro est\u00e1 entre os que mais adoecem seus empregados. De acordo com o Observat\u00f3rio Digital de Sa\u00fade e Seguran\u00e7a do Trabalho, entre 2012 e 2017 os bancos foram respons\u00e1veis por apenas 1% dos empregos criados no pa\u00eds, mas por 5% dos afastamentos por doen\u00e7a. Al\u00e9m disso, 6% do total de recursos utilizados em benef\u00edcios para afastados por doen\u00e7a relacionada ao trabalho, entre 2012 e 2017, tiveram rela\u00e7\u00e3o com problemas de sa\u00fade dos banc\u00e1rios.\u00a0<\/p>\n<p>\u201cQuando um ser humano adoece por causa do seu trabalho j\u00e1 \u00e9 muito ruim, e isso \u00e9 agravado pelo grande preju\u00edzo social diante do impacto para o sistema previdenci\u00e1rio. Uma situa\u00e7\u00e3o absurda que dia a dia lutamos para alterar\u201d, ressalta a dirigente, que \u00e9 uma das coordenadoras do Comando.<\/p>\n<\/div>\n<p id=\"page-author\"><strong>Fonte: Contraf-CUT<\/strong><\/p>\n","protected":false},"excerpt":{"rendered":"<p>Dados sobre adoecimento nos bancos, sobre afastamentos por acidente ou doen\u00e7a ocupacional, impactos no sistema previdenci\u00e1rio e um amplo debate sobre formas de alterar esse quadro. Assim pode ser resumida a reuni\u00e3o realizada na quarta-feira (18), na sede da Confedera\u00e7\u00e3o dos Trabalhadores do Ramo Financeiro (Contraf-CUT), em S\u00e3o Paulo. O Comando Nacional dos Banc\u00e1rios \u2013 [&hellip;]<\/p>\n","protected":false},"author":2,"featured_media":4840,"comment_status":"","ping_status":"","sticky":false,"template":"","format":"standard","meta":{"footnotes":""},"categories":[3],"tags":[],"class_list":["post-4841","post","type-post","status-publish","format-standard","has-post-thumbnail","hentry","category-noticias"],"_links":{"self":[{"href":"https:\/\/hostnetart.com.br\/baixada\/wp-json\/wp\/v2\/posts\/4841","targetHints":{"allow":["GET"]}}],"collection":[{"href":"https:\/\/hostnetart.com.br\/baixada\/wp-json\/wp\/v2\/posts"}],"about":[{"href":"https:\/\/hostnetart.com.br\/baixada\/wp-json\/wp\/v2\/types\/post"}],"author":[{"embeddable":true,"href":"https:\/\/hostnetart.com.br\/baixada\/wp-json\/wp\/v2\/users\/2"}],"replies":[{"embeddable":true,"href":"https:\/\/hostnetart.com.br\/baixada\/wp-json\/wp\/v2\/comments?post=4841"}],"version-history":[{"count":0,"href":"https:\/\/hostnetart.com.br\/baixada\/wp-json\/wp\/v2\/posts\/4841\/revisions"}],"wp:featuredmedia":[{"embeddable":true,"href":"https:\/\/hostnetart.com.br\/baixada\/wp-json\/wp\/v2\/media\/4840"}],"wp:attachment":[{"href":"https:\/\/hostnetart.com.br\/baixada\/wp-json\/wp\/v2\/media?parent=4841"}],"wp:term":[{"taxonomy":"category","embeddable":true,"href":"https:\/\/hostnetart.com.br\/baixada\/wp-json\/wp\/v2\/categories?post=4841"},{"taxonomy":"post_tag","embeddable":true,"href":"https:\/\/hostnetart.com.br\/baixada\/wp-json\/wp\/v2\/tags?post=4841"}],"curies":[{"name":"wp","href":"https:\/\/api.w.org\/{rel}","templated":true}]}}