{"id":4835,"date":"2018-07-19T14:04:17","date_gmt":"2018-07-19T17:04:17","guid":{"rendered":"https:\/\/hostnetart.com.br\/baixada\/trabalhadores-tem-ate-o-fim-do-ano-para-sacar-o-abono-salarial\/"},"modified":"2018-07-19T14:04:17","modified_gmt":"2018-07-19T17:04:17","slug":"trabalhadores-tem-ate-o-fim-do-ano-para-sacar-o-abono-salarial","status":"publish","type":"post","link":"https:\/\/hostnetart.com.br\/baixada\/trabalhadores-tem-ate-o-fim-do-ano-para-sacar-o-abono-salarial\/","title":{"rendered":"Trabalhadores t\u00eam at\u00e9 o fim do ano para sacar o abono salarial"},"content":{"rendered":"<div class=\"content\">\n<p>O Minist\u00e9rio do Trabalho (MTE) anunciou a prorroga\u00e7\u00e3o do prazo para o saque do abono salarial (PIS-Pasep), ano-base 2016, que havia encerrado no fim de junho. Com a decis\u00e3o, mais de dois milh\u00f5es de benefici\u00e1rios que deixaram de sacar o abono salarial poder\u00e3o retirar os cerca de R$ 1,5 bilh\u00e3o que t\u00eam direito a partir do pr\u00f3ximo dia 26 de julho at\u00e9 30 de dezembro.<\/p>\n<p>A proposta de prorroga\u00e7\u00e3o do prazo foi feita pela CUT ao Conselho Deliberativo do Fundo de Amparo ao Trabalhador (Codefat), que deferiu o pedido no \u00faltimo dia 12 deste m\u00eas.<\/p>\n<p>Para o secret\u00e1rio de Administra\u00e7\u00e3o e Finan\u00e7as da CUT, Quintino Marques Severo, em tempos de grave crise econ\u00f4mica e aumento do desemprego no Pa\u00eds, seria uma injusti\u00e7a negar a prorroga\u00e7\u00e3o desse direito aos milh\u00f5es de benefici\u00e1rios que, por diversas raz\u00f5es, n\u00e3o puderam sacar os valores que v\u00e3o de R$ 80 a R$ 954, dependendo do per\u00edodo em que trabalharam.<\/p>\n<p>\u201cFiz o pedido em nome dos trabalhadores, pois avaliamos que h\u00e1 muita desinforma\u00e7\u00e3o sobre o calend\u00e1rio de pagamentos e por essa raz\u00e3o muitos deixam de procurar a Caixa Econ\u00f4mica Federal e o Banco do Brasil [institui\u00e7\u00f5es respons\u00e1veis pelo pagamento]\u201d, diz o dirigente, que representa a CUT no Codefat.<\/p>\n<p>Quintino defende que tanto o governo como os sindicatos realizem campanhas de esclarecimento e divulga\u00e7\u00e3o das datas de pagamento dos abonos. \u201c\u00c9 papel dos sindicatos orientar os trabalhadores assim como \u00e9 papel da CUT defender os interesses da classe trabalhadora no Codefat e em qualquer outra inst\u00e2ncia do governo\u201d.<\/p>\n<p><strong>Gera\u00e7\u00e3o de emprego e renda<\/strong><\/p>\n<p>O secret\u00e1rio da CUT lembra, ainda, que a Central, al\u00e9m de defender pol\u00edticas de amparo ao trabalhador, como o direito ao seguro-desemprego e pagamento do PIS\/Pasep, tem apresentado propostas em rela\u00e7\u00e3o \u00e0 gera\u00e7\u00e3o de emprego e renda junto ao Codefat, como o Programa de Dep\u00f3sitos Especiais e a necessidade do fortalecimento do Sistema Nacional de Emprego (SINE), que qualifica o trabalhador e contribui para sua reinser\u00e7\u00e3o no mercado de trabalho.<\/p>\n<p>\u201cTenho insistido sobre a necessidade de fortalecer o Programa de Dep\u00f3sitos Especiais (PDE), que \u00e9 uma linha de cr\u00e9dito especial, com taxas de juros mais baixas do que o mercado financeiro tradicional, cujo objetivo \u00e9 oferecer \u00e0s empresas condi\u00e7\u00f5es para que elas possam investir e, com isso, abrir novas vagas de trabalho\u201d, explica.<\/p>\n<p><strong>Servi\u00e7o<\/strong><\/p>\n<p><strong>Quem tem direito ao PIS\/PASEP<\/strong><\/p>\n<p>Para ter direito, o cidad\u00e3o do setor p\u00fablico ou privado deve ter trabalhado com carteira assinada em 2016 por no m\u00ednimo 30 dias e ter recebido at\u00e9 dois sal\u00e1rios m\u00ednimos por m\u00eas.<\/p>\n<p>Se o per\u00edodo trabalhado foi de 12 meses, o trabalhador vai receber o valor integral do benef\u00edcio, que \u00e9 de um sal\u00e1rio m\u00ednimo (R$ 954). Se o per\u00edodo trabalhado foi de apenas um m\u00eas, o valor ser\u00e1 equivalente a 1\/12 do sal\u00e1rio (R$ 79,50), e assim sucessivamente.<\/p>\n<p><strong>Locais de pagamento<\/strong><\/p>\n<p>O PIS pode ser sacado na Caixa Econ\u00f4mica Federal pelos trabalhadores da iniciativa privada.<\/p>\n<p>J\u00e1 o pagamento do Pasep para os servidores p\u00fablicos \u00e9 feito no Banco do Brasil.<\/p>\n<p><strong>Como sacar o benef\u00edcio<\/strong><\/p>\n<p>Para sacar o abono do PIS, o trabalhador que possuir o Cart\u00e3o do Cidad\u00e3o e senha cadastrada pode se dirigir aos terminais de autoatendimento da Caixa ou a uma casa lot\u00e9rica. Se n\u00e3o tiver o Cart\u00e3o do Cidad\u00e3o, pode receber o valor em qualquer ag\u00eancia da Caixa.<\/p>\n<p>Os servidores p\u00fablicos que t\u00eam direito ao Pasep precisam verificar se houve dep\u00f3sito em conta. Caso isso n\u00e3o tenha ocorrido, precisam procurar uma ag\u00eancia do Banco do Brasil e apresentar um documento de identifica\u00e7\u00e3o.<\/p>\n<p>Mais informa\u00e7\u00f5es sobre o Pasep podem ser obtidas pelo telefone 0800-729-00-01.<\/p>\n<\/div>\n<p id=\"page-author\"><span style=\"text-decoration: underline;\"><em><strong>Fonte: CUT<\/strong><\/em><\/span><\/p>\n","protected":false},"excerpt":{"rendered":"<p>O Minist\u00e9rio do Trabalho (MTE) anunciou a prorroga\u00e7\u00e3o do prazo para o saque do abono salarial (PIS-Pasep), ano-base 2016, que havia encerrado no fim de junho. Com a decis\u00e3o, mais de dois milh\u00f5es de benefici\u00e1rios que deixaram de sacar o abono salarial poder\u00e3o retirar os cerca de R$ 1,5 bilh\u00e3o que t\u00eam direito a partir [&hellip;]<\/p>\n","protected":false},"author":2,"featured_media":4834,"comment_status":"","ping_status":"","sticky":false,"template":"","format":"standard","meta":{"footnotes":""},"categories":[3],"tags":[],"class_list":["post-4835","post","type-post","status-publish","format-standard","has-post-thumbnail","hentry","category-noticias"],"_links":{"self":[{"href":"https:\/\/hostnetart.com.br\/baixada\/wp-json\/wp\/v2\/posts\/4835","targetHints":{"allow":["GET"]}}],"collection":[{"href":"https:\/\/hostnetart.com.br\/baixada\/wp-json\/wp\/v2\/posts"}],"about":[{"href":"https:\/\/hostnetart.com.br\/baixada\/wp-json\/wp\/v2\/types\/post"}],"author":[{"embeddable":true,"href":"https:\/\/hostnetart.com.br\/baixada\/wp-json\/wp\/v2\/users\/2"}],"replies":[{"embeddable":true,"href":"https:\/\/hostnetart.com.br\/baixada\/wp-json\/wp\/v2\/comments?post=4835"}],"version-history":[{"count":0,"href":"https:\/\/hostnetart.com.br\/baixada\/wp-json\/wp\/v2\/posts\/4835\/revisions"}],"wp:featuredmedia":[{"embeddable":true,"href":"https:\/\/hostnetart.com.br\/baixada\/wp-json\/wp\/v2\/media\/4834"}],"wp:attachment":[{"href":"https:\/\/hostnetart.com.br\/baixada\/wp-json\/wp\/v2\/media?parent=4835"}],"wp:term":[{"taxonomy":"category","embeddable":true,"href":"https:\/\/hostnetart.com.br\/baixada\/wp-json\/wp\/v2\/categories?post=4835"},{"taxonomy":"post_tag","embeddable":true,"href":"https:\/\/hostnetart.com.br\/baixada\/wp-json\/wp\/v2\/tags?post=4835"}],"curies":[{"name":"wp","href":"https:\/\/api.w.org\/{rel}","templated":true}]}}