{"id":4827,"date":"2018-07-18T14:02:35","date_gmt":"2018-07-18T17:02:35","guid":{"rendered":"https:\/\/hostnetart.com.br\/baixada\/aumento-da-mortalidade-infantil-e-efeito-do-teto-de-gastos-e-do-baixo-crescimento\/"},"modified":"2018-07-18T14:02:35","modified_gmt":"2018-07-18T17:02:35","slug":"aumento-da-mortalidade-infantil-e-efeito-do-teto-de-gastos-e-do-baixo-crescimento","status":"publish","type":"post","link":"https:\/\/hostnetart.com.br\/baixada\/aumento-da-mortalidade-infantil-e-efeito-do-teto-de-gastos-e-do-baixo-crescimento\/","title":{"rendered":"Aumento da mortalidade infantil \u00e9 efeito do teto de gastos e do baixo crescimento"},"content":{"rendered":"<p class=\" \">As decis\u00f5es tomadas pela equipe econ\u00f4mica do governo de Michel Temer t\u00eam contribu\u00eddo para o\u00a0<a class=\"internal-link\" title=\"\" href=\"http:\/\/www.redebrasilatual.com.br\/revistas\/140\/efeito-do-golpe-mortalidade-infantil-cresce-depois-de-15-anos-de-reducao\" target=\"_blank\" rel=\"noopener noreferrer\">aumento da mortalidade infantil no pa\u00eds<\/a>, que vinha em queda nos \u00faltimos 26 anos. Quem avalia os impactos das atuais pol\u00edticas p\u00fablicas que amea\u00e7am trazer de volta\u00a0<a class=\"internal-link\" title=\"\" href=\"http:\/\/www.redebrasilatual.com.br\/saude\/2018\/07\/ameaca-de-poliomielite-e-efeito-das-politicas-austeras-desde-o-golpe-diz-especialista\" target=\"_blank\" rel=\"noopener noreferrer\">doen\u00e7as at\u00e9 ent\u00e3o erradicadas<\/a>\u00a0\u00e9 o professor do Instituto de Economia da Universidade Estadual de Campinas (Unicamp) Marcio Pochmann, em entrevista ao jornalista Glauco Faria, na\u00a0<b>R\u00e1dio Brasil Atual<\/b>.<\/p>\n<p class=\" \">Em abril, a\u00a0<b>RBA\u00a0<\/b>com base nos dados da Funda\u00e7\u00e3o Abrinq, j\u00e1 havia reportado um aumento de 11% na taxa de mortalidade infantil em 2016, na compara\u00e7\u00e3o com o ano anterior. Para o tamb\u00e9m pesquisador do Centro de Estudos Sindicais da Unicamp, a possibilidade do ressurgimento de doen\u00e7as como a poliomielite e a volta do sarampo se relaciona com a ado\u00e7\u00e3o de medidas como a\u00a0<a class=\"internal-link\" title=\"\" href=\"http:\/\/www.redebrasilatual.com.br\/saude\/2018\/07\/pec-do-corte-de-gastos-vai-aumentar-ainda-mais-a-mortalidade-de-criancas-no-brasil\" target=\"_blank\" rel=\"noopener noreferrer\">Emenda Constitucional (EC) 95, do teto de gastos,\u00a0<\/a>que congela por 20 anos os investimentos sociais.<\/p>\n<p class=\" \">&#8220;Obviamente isso vai rebaixando a qualidade de vida e o resultado infelizmente acaba sendo este que as estat\u00edsticas est\u00e3o mostrando: a regress\u00e3o e a volta, uma esp\u00e9cie de trevas no Brasil, de doen\u00e7as que imagin\u00e1vamos ter superado e agora encontramos novamente&#8221;, afirma Pochmann.<\/p>\n<p class=\" \">&#8220;A retomada da sa\u00fade pede uma revers\u00e3o do atual quadro&#8221;, sugere o professor da Unicamp, acrescentando a necessidade de serem implementadas medidas de indu\u00e7\u00e3o do crescimento econ\u00f4mico e a revoga\u00e7\u00e3o da EC 95. &#8220;Ao inv\u00e9s de contar gastos p\u00fablicos e sociais, \u00e9 preciso cortar gastos com os juros da d\u00edvida e reduzir as isen\u00e7\u00f5es que s\u00e3o dadas aos segmentos mais ricos. O pa\u00eds tem sa\u00edda e talvez a chave dessa sa\u00edda seja o que temos agora pela frente, as elei\u00e7\u00f5es, nas quais o povo ter\u00e1 a oportunidade de escolher que destino quer para o Brasil&#8221;, analisa Pochmann.\u00a0<\/p>\n<p class=\" \">\u00a0<\/p>\n<p class=\" \"><span style=\"text-decoration: underline;\"><strong>FONTE: Rede Brasil Atual<\/strong><\/span><\/p>\n","protected":false},"excerpt":{"rendered":"<p>As decis\u00f5es tomadas pela equipe econ\u00f4mica do governo de Michel Temer t\u00eam contribu\u00eddo para o\u00a0aumento da mortalidade infantil no pa\u00eds, que vinha em queda nos \u00faltimos 26 anos. Quem avalia os impactos das atuais pol\u00edticas p\u00fablicas que amea\u00e7am trazer de volta\u00a0doen\u00e7as at\u00e9 ent\u00e3o erradicadas\u00a0\u00e9 o professor do Instituto de Economia da Universidade Estadual de Campinas [&hellip;]<\/p>\n","protected":false},"author":2,"featured_media":4826,"comment_status":"","ping_status":"","sticky":false,"template":"","format":"standard","meta":{"footnotes":""},"categories":[3],"tags":[],"class_list":["post-4827","post","type-post","status-publish","format-standard","has-post-thumbnail","hentry","category-noticias"],"_links":{"self":[{"href":"https:\/\/hostnetart.com.br\/baixada\/wp-json\/wp\/v2\/posts\/4827","targetHints":{"allow":["GET"]}}],"collection":[{"href":"https:\/\/hostnetart.com.br\/baixada\/wp-json\/wp\/v2\/posts"}],"about":[{"href":"https:\/\/hostnetart.com.br\/baixada\/wp-json\/wp\/v2\/types\/post"}],"author":[{"embeddable":true,"href":"https:\/\/hostnetart.com.br\/baixada\/wp-json\/wp\/v2\/users\/2"}],"replies":[{"embeddable":true,"href":"https:\/\/hostnetart.com.br\/baixada\/wp-json\/wp\/v2\/comments?post=4827"}],"version-history":[{"count":0,"href":"https:\/\/hostnetart.com.br\/baixada\/wp-json\/wp\/v2\/posts\/4827\/revisions"}],"wp:featuredmedia":[{"embeddable":true,"href":"https:\/\/hostnetart.com.br\/baixada\/wp-json\/wp\/v2\/media\/4826"}],"wp:attachment":[{"href":"https:\/\/hostnetart.com.br\/baixada\/wp-json\/wp\/v2\/media?parent=4827"}],"wp:term":[{"taxonomy":"category","embeddable":true,"href":"https:\/\/hostnetart.com.br\/baixada\/wp-json\/wp\/v2\/categories?post=4827"},{"taxonomy":"post_tag","embeddable":true,"href":"https:\/\/hostnetart.com.br\/baixada\/wp-json\/wp\/v2\/tags?post=4827"}],"curies":[{"name":"wp","href":"https:\/\/api.w.org\/{rel}","templated":true}]}}