{"id":4825,"date":"2018-07-18T14:01:40","date_gmt":"2018-07-18T17:01:40","guid":{"rendered":"https:\/\/hostnetart.com.br\/baixada\/contraf-cut-defende-democracia-na-gestao-dos-fundos-de-pensao\/"},"modified":"2018-07-18T14:01:40","modified_gmt":"2018-07-18T17:01:40","slug":"contraf-cut-defende-democracia-na-gestao-dos-fundos-de-pensao","status":"publish","type":"post","link":"https:\/\/hostnetart.com.br\/baixada\/contraf-cut-defende-democracia-na-gestao-dos-fundos-de-pensao\/","title":{"rendered":"Contraf-CUT defende democracia na gest\u00e3o dos fundos de pens\u00e3o"},"content":{"rendered":"<div class=\"content\">\n<p>A Contraf-CUT defende a democracia na gest\u00e3o dos fundos de pens\u00e3o. A Governan\u00e7a do Regime de Previd\u00eancia Complementar (RPC), operado pelas Entidades Fechadas de Previd\u00eancia Complementar (EFPC), ser\u00e1 o tema de audi\u00eancia p\u00fablica marcada para o dia 27 de julho, \u00e0s 9h, no audit\u00f3rio principal do edif\u00edcio situado no Bloco F, t\u00e9rreo, da Esplanada dos Minist\u00e9rios (sede do Minist\u00e9rio do Trabalho e do Minist\u00e9rio da Fazenda).<\/p>\n<p>\u201cO Governo Temer e parlamentares a servi\u00e7o do sistema financeiro privado tentam tirar o controle do trabalhadores sobre seus fundos de pens\u00e3o e um dos caminhos \u00e9 via decreto, por isso essa audi\u00eancia p\u00fablica \u00e9 t\u00e3o importante\u201d, explicou Dion\u00edsio Reis, coordenador da Comiss\u00e3o Executiva dos Empregados da Caixa (CEE\/ Caixa).<\/p>\n<\/div>\n<p id=\"page-author\"><strong>Fonte: Contraf-CUT<\/strong><\/p>\n","protected":false},"excerpt":{"rendered":"<p>A Contraf-CUT defende a democracia na gest\u00e3o dos fundos de pens\u00e3o. A Governan\u00e7a do Regime de Previd\u00eancia Complementar (RPC), operado pelas Entidades Fechadas de Previd\u00eancia Complementar (EFPC), ser\u00e1 o tema de audi\u00eancia p\u00fablica marcada para o dia 27 de julho, \u00e0s 9h, no audit\u00f3rio principal do edif\u00edcio situado no Bloco F, t\u00e9rreo, da Esplanada dos [&hellip;]<\/p>\n","protected":false},"author":2,"featured_media":4824,"comment_status":"","ping_status":"","sticky":false,"template":"","format":"standard","meta":{"footnotes":""},"categories":[3],"tags":[],"class_list":["post-4825","post","type-post","status-publish","format-standard","has-post-thumbnail","hentry","category-noticias"],"_links":{"self":[{"href":"https:\/\/hostnetart.com.br\/baixada\/wp-json\/wp\/v2\/posts\/4825","targetHints":{"allow":["GET"]}}],"collection":[{"href":"https:\/\/hostnetart.com.br\/baixada\/wp-json\/wp\/v2\/posts"}],"about":[{"href":"https:\/\/hostnetart.com.br\/baixada\/wp-json\/wp\/v2\/types\/post"}],"author":[{"embeddable":true,"href":"https:\/\/hostnetart.com.br\/baixada\/wp-json\/wp\/v2\/users\/2"}],"replies":[{"embeddable":true,"href":"https:\/\/hostnetart.com.br\/baixada\/wp-json\/wp\/v2\/comments?post=4825"}],"version-history":[{"count":0,"href":"https:\/\/hostnetart.com.br\/baixada\/wp-json\/wp\/v2\/posts\/4825\/revisions"}],"wp:featuredmedia":[{"embeddable":true,"href":"https:\/\/hostnetart.com.br\/baixada\/wp-json\/wp\/v2\/media\/4824"}],"wp:attachment":[{"href":"https:\/\/hostnetart.com.br\/baixada\/wp-json\/wp\/v2\/media?parent=4825"}],"wp:term":[{"taxonomy":"category","embeddable":true,"href":"https:\/\/hostnetart.com.br\/baixada\/wp-json\/wp\/v2\/categories?post=4825"},{"taxonomy":"post_tag","embeddable":true,"href":"https:\/\/hostnetart.com.br\/baixada\/wp-json\/wp\/v2\/tags?post=4825"}],"curies":[{"name":"wp","href":"https:\/\/api.w.org\/{rel}","templated":true}]}}