{"id":4797,"date":"2018-07-13T20:17:37","date_gmt":"2018-07-13T23:17:37","guid":{"rendered":"https:\/\/hostnetart.com.br\/baixada\/liminar-suspende-leilao-de-distribuidoras-da-eletrobras\/"},"modified":"2018-07-13T20:17:37","modified_gmt":"2018-07-13T23:17:37","slug":"liminar-suspende-leilao-de-distribuidoras-da-eletrobras","status":"publish","type":"post","link":"https:\/\/hostnetart.com.br\/baixada\/liminar-suspende-leilao-de-distribuidoras-da-eletrobras\/","title":{"rendered":"Liminar suspende leil\u00e3o de distribuidoras da Eletrobras"},"content":{"rendered":"<div class=\"content\">\n<p>A 19\u00aa Vara Federal do Rio de Janeiro acatou na ter\u00e7a-feira (12) uma A\u00e7\u00e3o Civil P\u00fablica movida pela Associa\u00e7\u00e3o dos Empregados da Eletrobras (AEEL), que pede a suspens\u00e3o do leil\u00e3o das distribuidoras da Eletrobras. O leil\u00e3o estava marcado para 26 de julho.<br \/> A decis\u00e3o liminar levou em conta que \u201ca venda de a\u00e7\u00f5es das empresas p\u00fablicas, sociedades de economia mista ou de suas subsidi\u00e1rias ou controladas exige pr\u00e9via autoriza\u00e7\u00e3o legislativa, sempre que se cuide de alienar o controle acion\u00e1rio\u201d.<br \/><ins><strong><a href=\"http:\/\/www.contrafcut.org.br\/noticias\/stf-proibe-venda-do-controle-acionario-de-empresas-publicas-88c8\" target=\"_blank\" rel=\"noopener noreferrer\">No dia 27 de junho<\/a><\/strong><\/ins>, o ministro do Supremo Tribunal Federal (STF), Ricardo Lewandowski, j\u00e1 havia concedido liminar com o mesmo entendimento, em a\u00e7\u00e3o movida pela Confedera\u00e7\u00e3o Nacional dos Trabalhadores do Ramo Financeiro (Contraf-CUT) e pela Federa\u00e7\u00e3o Nacional das Associa\u00e7\u00f5es de Pessoal da Caixa (Fenae).<br \/> Em outra decis\u00e3o, em a\u00e7\u00e3o impetrada pelo Sindicato dos Urbanit\u00e1rios do Estado do Piau\u00ed (Sintepi), a Justi\u00e7a Federal de Teresina suspendeu a venda da Cepisa, distribuidora do Piau\u00ed. O juiz M\u00e1rcio Braga Magalh\u00e3es entendeu que houve uma fraude na ata da assembleia que aprovou a venda das distribuidoras. A ata conta com a assinatura de um representante da Eletrobras sem que ele tivesse, de fato, participado da reuni\u00e3o. A rela\u00e7\u00e3o de passageiros de um voo, obtida judicialmente junto \u00e0 companhia a\u00e9rea, comprova que ele desembarcou no Rio de Janeiro \u00e0s 16h05 do mesmo dia, ou 55 minutos antes do in\u00edcio da reuni\u00e3o em Teresina.<br \/> \u201cEssas decis\u00f5es s\u00e3o importantes. Mostram que n\u00e3o se trata apenas de uma quest\u00e3o corporativista, mas da defesa do patrim\u00f4nio p\u00fablico, que pertence a toda sociedade brasileira. Esse governo golpista est\u00e1 entregando pras multinacionais e causando um preju\u00edzo pro povo brasileiro\u201d, disse a presidenta da Contraf-CUT, Juvandia Moreira. \u201cMas, n\u00e3o podemos esquecer, que se tratam de decis\u00f5es liminares. Temos de manter a mobiliza\u00e7\u00e3o e nossa luta at\u00e9 conquistarmos a vit\u00f3ria definitiva\u201d, completou.<br \/> A defesa dos bancos p\u00fablicos especificamente, e das estatais de modo geral, \u00e9 uma das prioridades da Campanha Nacional da categoria. \u201cOs banc\u00e1rios sabem da import\u00e2ncia dessas empresas para o desenvolvimento econ\u00f4mico e social do pa\u00eds\u201d, refor\u00e7a a presidenta da Contraf-CUT.<\/p>\n<\/div>\n<p id=\"page-author\"><strong>Fonte: Contraf-CUT<\/strong><\/p>\n","protected":false},"excerpt":{"rendered":"<p>A 19\u00aa Vara Federal do Rio de Janeiro acatou na ter\u00e7a-feira (12) uma A\u00e7\u00e3o Civil P\u00fablica movida pela Associa\u00e7\u00e3o dos Empregados da Eletrobras (AEEL), que pede a suspens\u00e3o do leil\u00e3o das distribuidoras da Eletrobras. O leil\u00e3o estava marcado para 26 de julho. A decis\u00e3o liminar levou em conta que \u201ca venda de a\u00e7\u00f5es das empresas [&hellip;]<\/p>\n","protected":false},"author":2,"featured_media":4796,"comment_status":"","ping_status":"","sticky":false,"template":"","format":"standard","meta":{"footnotes":""},"categories":[3],"tags":[],"class_list":["post-4797","post","type-post","status-publish","format-standard","has-post-thumbnail","hentry","category-noticias"],"_links":{"self":[{"href":"https:\/\/hostnetart.com.br\/baixada\/wp-json\/wp\/v2\/posts\/4797","targetHints":{"allow":["GET"]}}],"collection":[{"href":"https:\/\/hostnetart.com.br\/baixada\/wp-json\/wp\/v2\/posts"}],"about":[{"href":"https:\/\/hostnetart.com.br\/baixada\/wp-json\/wp\/v2\/types\/post"}],"author":[{"embeddable":true,"href":"https:\/\/hostnetart.com.br\/baixada\/wp-json\/wp\/v2\/users\/2"}],"replies":[{"embeddable":true,"href":"https:\/\/hostnetart.com.br\/baixada\/wp-json\/wp\/v2\/comments?post=4797"}],"version-history":[{"count":0,"href":"https:\/\/hostnetart.com.br\/baixada\/wp-json\/wp\/v2\/posts\/4797\/revisions"}],"wp:featuredmedia":[{"embeddable":true,"href":"https:\/\/hostnetart.com.br\/baixada\/wp-json\/wp\/v2\/media\/4796"}],"wp:attachment":[{"href":"https:\/\/hostnetart.com.br\/baixada\/wp-json\/wp\/v2\/media?parent=4797"}],"wp:term":[{"taxonomy":"category","embeddable":true,"href":"https:\/\/hostnetart.com.br\/baixada\/wp-json\/wp\/v2\/categories?post=4797"},{"taxonomy":"post_tag","embeddable":true,"href":"https:\/\/hostnetart.com.br\/baixada\/wp-json\/wp\/v2\/tags?post=4797"}],"curies":[{"name":"wp","href":"https:\/\/api.w.org\/{rel}","templated":true}]}}