{"id":4795,"date":"2018-07-13T19:42:18","date_gmt":"2018-07-13T22:42:18","guid":{"rendered":"https:\/\/hostnetart.com.br\/baixada\/contraf-cut-garante-calendario-de-negociacoes-com-a-caixa\/"},"modified":"2018-07-13T19:42:18","modified_gmt":"2018-07-13T22:42:18","slug":"contraf-cut-garante-calendario-de-negociacoes-com-a-caixa","status":"publish","type":"post","link":"https:\/\/hostnetart.com.br\/baixada\/contraf-cut-garante-calendario-de-negociacoes-com-a-caixa\/","title":{"rendered":"Contraf-CUT garante calend\u00e1rio de negocia\u00e7\u00f5es com a Caixa"},"content":{"rendered":"<div class=\"content\">\n<p>A Caixa Econ\u00f4mica Federal seguiu a linha apresentada pela Federa\u00e7\u00e3o Nacional dos Bancos\u00a0(Fenaban) na segunda reuni\u00e3o da Campanha Nacional 2018 com o Comando Nacional dos\u00a0Banc\u00e1rios, na quinta-feira (12), e n\u00e3o assinou o pr\u00e9-acordo que garantiria a validade do Acordo\u00a0Coletivo de Trabalho (ACT), ap\u00f3s a data-base da categoria (ultratividade). A negativa aconteceu na primeira rodada de negocia\u00e7\u00f5es da mesa espec\u00edfica da Caixa, realizada nesta\u00a0sexta-feira (13), em S\u00e3o Paulo.\u00a0<br \/> Os empregados conquistaram, por\u00e9m, um calend\u00e1rio de negocia\u00e7\u00f5es que acompanhe as\u00a0reuni\u00f5es da Fenaban. Os pr\u00f3ximos encontros ser\u00e3o nos dias 20 e 26, em Bras\u00edlia. Na primeira,\u00a0a pauta ser\u00e1 Sa\u00fade e Condi\u00e7\u00f5es de Trabalho, Caixa 100% P\u00fablica e Nenhum Direito a Menos.\u00a0No dia 26 de agosto ser\u00e1 debatido Sa\u00fade Caixa e Funcef.<br \/> A dire\u00e7\u00e3o da Caixa ressaltou que os acordos espec\u00edficos, antes de serem assinados, devem\u00a0passar pela aprova\u00e7\u00e3o do Conselho de Administra (CA) da Caixa. \u201cN\u00f3s sabemos que sempre\u00a0houve a necessidade de consulta aos \u00f3rg\u00e3os controladores. Por\u00e9m, nossa preocupa\u00e7\u00e3o \u00e9 que,\u00a0com o atual desmonte do banco, interesses privados venham a prejudicar os empregados e a\u00a0Caixa 100% P\u00fablica\u201d, explicou Dion\u00edsio Reis, coordenador da Comiss\u00e3o Executiva dos\u00a0Empregados da Caixa (CEE\u2013Caixa), ao exemplificar com a participa\u00e7\u00e3o de ex-diretores da Shell\u00a0no Conselho de Administra\u00e7\u00e3o da Petrobras.<br \/> \u201cApesar da postura do banco em j\u00e1 n\u00e3o garantir o pr\u00e9-acordo, avaliamos que esta primeira\u00a0rodada de negocia\u00e7\u00e3o n\u00e3o foi s\u00f3 de negativas. A CAIXA mostrou uma postura de querer\u00a0negociar os pontos reivindicados pelos empregados. Logo, \u00e9 importante refor\u00e7armos a\u00a0mobiliza\u00e7\u00e3o e resist\u00eancia. S\u00f3 com a efetiva participa\u00e7\u00e3o de todos os empregados \u00e9 que vamos\u00a0manter nossos direitos e conquistas. Tudo por todos!\u201d, declarou Fabiana Uehara Proscholdt,\u00a0secret\u00e1ria da Cultura Contraf-CUT e representante da Confedera\u00e7\u00e3o nas negocia\u00e7\u00f5es com a\u00a0Caixa.<\/p>\n<p><strong>Sa\u00fade e Condi\u00e7\u00f5es de Trabalho\u00a0<\/strong><\/p>\n<p> A CEE\u2013Caixa apresentou as reivindica\u00e7\u00f5es espec\u00edficas dos empregados em rela\u00e7\u00e3o a Sa\u00fade e\u00a0Condi\u00e7\u00f5es de Trabalho. Os pontos s\u00e3o resultados das resolu\u00e7\u00f5es 34\u00ba congresso Nacional dos\u00a0Empregados da Caixa (Concecef), realizado nos dias 7 e 8 de junho.<br \/> \u201cOs empregados da caixa devem participar ativamente das atividades chamadas pelos\u00a0sindicatos, se mobilizando na defesa dos seus direitos e da Caixa 100% P\u00fablica. Este ano\u00a0estamos combatendo o desmonte dos direitos e dos bancos p\u00fablicos\u201d, convocou Dion\u00edsio Reis.<br \/> A CEE-Caixa cobrou a revoga\u00e7\u00e3o da vers\u00e3o 41 do RH 184, o fim da Gest\u00e3o de Desempenho de\u00a0Pessoas (GDP) e do descomissionamento arbitr\u00e1rio e, especificamente o descomissionamento\u00a0de gestantes. O Banco se comprometeu a avaliar as quest\u00f5es.\u00a0<br \/> Sobre a verticaliza\u00e7\u00e3o, os empregados cobraram o fim do processo, que al\u00e9m de\u00a0descomissionar arbitrariamente muitos empregados, exp\u00f5es a Caixa no mercado. \u201cFaz com\u00a0que o banco reduza a atua\u00e7\u00e3o em \u00e1reas que sempre foi refer\u00eancia e concorra com bancos\u00a0privados, em \u00e1rea nas quais eles dominam. Isso resulta na redu\u00e7\u00e3o das opera\u00e7\u00f5es e do share\u00a0de mercado\u201d, apontou o coordenador da CEE-Caixa.Os empregados cobraram ainda o ressarcimento dos gastos do CPA 20 dos trabalhadores que\u00a0s\u00e3o eventuais de gerente e que mant\u00e9m, segundo a Caixa, sua eventualidade por um per\u00edodo.<br \/> Os trabalhadores reivindicaram fim das discrimina\u00e7\u00f5es e mais transpar\u00eancia nos processos\u00a0seletivos internos. A Caixa anunciou uma nova sistem\u00e1tica, da qual ir\u00e1 informar mais detalhes\u00a0nas pr\u00f3ximas mesas.<br \/> Sobre a cria\u00e7\u00e3o de unidades estatuais de Sa\u00fade do Trabalhador, por Gipes ou Repes, com a\u00a0participa\u00e7\u00e3o dos trabalhadores, o banco anunciou que todos as unidades da federa\u00e7\u00e3o t\u00eam\u00a0pelo menos um empregado respons\u00e1vel pelo tema. Os trabalhadores reclamaram que n\u00e3o \u00e9\u00a0suficiente.<br \/> J\u00e1 para o fortalecimento dos F\u00f3runs Regionais de Condi\u00e7\u00f5es de Trabalho, a dire\u00e7\u00e3o da Caixa\u00a0alegou que est\u00e1 em andamento.<br \/> Os empregados protestaram diante da demora para disponibilizar o incentivo \u00e0 escolaridade\u00a0em 2018. O banco informou que as bolsas para p\u00f3s j\u00e1 est\u00e3o dispon\u00edveis e que as para l\u00ednguas e\u00a0gradua\u00e7\u00e3o devem estar dispon\u00edveis at\u00e9 o final agosto.<br \/> Antes de encerrar, os empregados entregaram um of\u00edcio para reiterar a cobran\u00e7a de mais\u00a0transpar\u00eancia de Sa\u00fade Caixa, com a disponibiliza\u00e7\u00e3o de dados que permitam as entidades\u00a0entender mais profundamente o plano de sa\u00fade.<\/p>\n<\/div>\n<p id=\"page-author\"><span style=\"text-decoration: underline;\"><em><strong>Fonte: Contraf-CUT<\/strong><\/em><\/span><\/p>\n","protected":false},"excerpt":{"rendered":"<p>A Caixa Econ\u00f4mica Federal seguiu a linha apresentada pela Federa\u00e7\u00e3o Nacional dos Bancos\u00a0(Fenaban) na segunda reuni\u00e3o da Campanha Nacional 2018 com o Comando Nacional dos\u00a0Banc\u00e1rios, na quinta-feira (12), e n\u00e3o assinou o pr\u00e9-acordo que garantiria a validade do Acordo\u00a0Coletivo de Trabalho (ACT), ap\u00f3s a data-base da categoria (ultratividade). A negativa aconteceu na primeira rodada de [&hellip;]<\/p>\n","protected":false},"author":2,"featured_media":4794,"comment_status":"","ping_status":"","sticky":false,"template":"","format":"standard","meta":{"footnotes":""},"categories":[3],"tags":[],"class_list":["post-4795","post","type-post","status-publish","format-standard","has-post-thumbnail","hentry","category-noticias"],"_links":{"self":[{"href":"https:\/\/hostnetart.com.br\/baixada\/wp-json\/wp\/v2\/posts\/4795","targetHints":{"allow":["GET"]}}],"collection":[{"href":"https:\/\/hostnetart.com.br\/baixada\/wp-json\/wp\/v2\/posts"}],"about":[{"href":"https:\/\/hostnetart.com.br\/baixada\/wp-json\/wp\/v2\/types\/post"}],"author":[{"embeddable":true,"href":"https:\/\/hostnetart.com.br\/baixada\/wp-json\/wp\/v2\/users\/2"}],"replies":[{"embeddable":true,"href":"https:\/\/hostnetart.com.br\/baixada\/wp-json\/wp\/v2\/comments?post=4795"}],"version-history":[{"count":0,"href":"https:\/\/hostnetart.com.br\/baixada\/wp-json\/wp\/v2\/posts\/4795\/revisions"}],"wp:featuredmedia":[{"embeddable":true,"href":"https:\/\/hostnetart.com.br\/baixada\/wp-json\/wp\/v2\/media\/4794"}],"wp:attachment":[{"href":"https:\/\/hostnetart.com.br\/baixada\/wp-json\/wp\/v2\/media?parent=4795"}],"wp:term":[{"taxonomy":"category","embeddable":true,"href":"https:\/\/hostnetart.com.br\/baixada\/wp-json\/wp\/v2\/categories?post=4795"},{"taxonomy":"post_tag","embeddable":true,"href":"https:\/\/hostnetart.com.br\/baixada\/wp-json\/wp\/v2\/tags?post=4795"}],"curies":[{"name":"wp","href":"https:\/\/api.w.org\/{rel}","templated":true}]}}