{"id":4793,"date":"2018-07-13T15:21:07","date_gmt":"2018-07-13T18:21:07","guid":{"rendered":"https:\/\/hostnetart.com.br\/baixada\/cut-promovera-plenaria-de-sindicalistas-de-sp-e-rj-rumo-ao-dia-do-basta\/"},"modified":"2018-07-13T15:21:07","modified_gmt":"2018-07-13T18:21:07","slug":"cut-promovera-plenaria-de-sindicalistas-de-sp-e-rj-rumo-ao-dia-do-basta","status":"publish","type":"post","link":"https:\/\/hostnetart.com.br\/baixada\/cut-promovera-plenaria-de-sindicalistas-de-sp-e-rj-rumo-ao-dia-do-basta\/","title":{"rendered":"CUT promover\u00e1 plen\u00e1ria de sindicalistas de SP e RJ rumo ao Dia do Basta"},"content":{"rendered":"<div class=\"content\">\n<p>Entidades sindicais filiadas \u00e0s estaduais da CUT em S\u00e3o Paulo e no Rio de Janeiro preparam plen\u00e1ria de sindicalistas no dia 20 de julho, a partir das 14h, rumo ao Dia Nacional de Mobiliza\u00e7\u00e3o. O objetivo \u00e9 mobilizar as bases cutistas nos estados para a realiza\u00e7\u00e3o de um dia de luta em defesa da democracia e dos direitos trabalhistas.<\/p>\n<p>\u201cEntre as bandeiras de luta que debateremos est\u00e1 a revoga\u00e7\u00e3o imediata da reforma trabalhista, uma das medidas mais perversas para a classe trabalhadora, assim como medidas como a emenda do teto de gastos p\u00fablicos, que congela investimentos em pol\u00edticas p\u00fablicas por 20 anos\u201d, explica o presidente da CUT S\u00e3o Paulo, Douglas Izzo.<\/p>\n<p>A atividade ocorrer\u00e1 na quadra dos banc\u00e1rios, no centro da capital paulista, \u00e0 rua Tabatinguera, 192. A plen\u00e1ria interestadual se soma a outras plen\u00e1rias organizadas pela CUT em todo Brasil.<\/p>\n<p>A\u00e7\u00f5es pela liberdade de Lula tamb\u00e9m ser\u00e3o debatidas nesse espa\u00e7o, al\u00e9m da apresenta\u00e7\u00e3o da Plataforma da CUT para as elei\u00e7\u00f5es em 2018.\u00a0 Logo ap\u00f3s o dia nacional de mobiliza\u00e7\u00e3o, as entidades organizar\u00e3o atos em 15 de agosto, quando o ex-presidente Lula registrar\u00e1 sua candidatura.<\/p>\n<p>As organiza\u00e7\u00f5es apostam na unidade entre os ramos da CUT e entre todos os estados, aponta o presidente da CUT Rio de Janeiro, Marcelo Rodrigues. \u201c\u00c9 hora de mostrarmos que estamos fortes e unidos e sinalizarmos para todo o Brasil que a unidade de a\u00e7\u00e3o do Rio e de SP se d\u00e1 na pr\u00e1tica. As plen\u00e1rias interestaduais Brasil afora j\u00e1 s\u00e3o um sucesso, pois mostram que podemos ser uma s\u00f3 na\u00e7\u00e3o, neste pa\u00eds de dimens\u00f5es continentais, mas desde que respeitemos as formas de luta e a diversidade de cada estado\u201d, afirma.<\/p>\n<p>A articula\u00e7\u00e3o da CUT pelos estados ocorre logo ap\u00f3s o lan\u00e7amento das 22 propostas das centrais sindicais no manifesto \u201cAgenda Priorit\u00e1ria da Classe Trabalhadora\u201d, apresentado em S\u00e3o Paulo, no dia 6 de junho.<\/p>\n<p>\u00a0<\/p>\n<\/div>\n<p id=\"page-author\"><strong>Fonte: CUT-SP<\/strong><\/p>\n","protected":false},"excerpt":{"rendered":"<p>Entidades sindicais filiadas \u00e0s estaduais da CUT em S\u00e3o Paulo e no Rio de Janeiro preparam plen\u00e1ria de sindicalistas no dia 20 de julho, a partir das 14h, rumo ao Dia Nacional de Mobiliza\u00e7\u00e3o. O objetivo \u00e9 mobilizar as bases cutistas nos estados para a realiza\u00e7\u00e3o de um dia de luta em defesa da democracia [&hellip;]<\/p>\n","protected":false},"author":2,"featured_media":4792,"comment_status":"","ping_status":"","sticky":false,"template":"","format":"standard","meta":{"footnotes":""},"categories":[3],"tags":[],"class_list":["post-4793","post","type-post","status-publish","format-standard","has-post-thumbnail","hentry","category-noticias"],"_links":{"self":[{"href":"https:\/\/hostnetart.com.br\/baixada\/wp-json\/wp\/v2\/posts\/4793","targetHints":{"allow":["GET"]}}],"collection":[{"href":"https:\/\/hostnetart.com.br\/baixada\/wp-json\/wp\/v2\/posts"}],"about":[{"href":"https:\/\/hostnetart.com.br\/baixada\/wp-json\/wp\/v2\/types\/post"}],"author":[{"embeddable":true,"href":"https:\/\/hostnetart.com.br\/baixada\/wp-json\/wp\/v2\/users\/2"}],"replies":[{"embeddable":true,"href":"https:\/\/hostnetart.com.br\/baixada\/wp-json\/wp\/v2\/comments?post=4793"}],"version-history":[{"count":0,"href":"https:\/\/hostnetart.com.br\/baixada\/wp-json\/wp\/v2\/posts\/4793\/revisions"}],"wp:featuredmedia":[{"embeddable":true,"href":"https:\/\/hostnetart.com.br\/baixada\/wp-json\/wp\/v2\/media\/4792"}],"wp:attachment":[{"href":"https:\/\/hostnetart.com.br\/baixada\/wp-json\/wp\/v2\/media?parent=4793"}],"wp:term":[{"taxonomy":"category","embeddable":true,"href":"https:\/\/hostnetart.com.br\/baixada\/wp-json\/wp\/v2\/categories?post=4793"},{"taxonomy":"post_tag","embeddable":true,"href":"https:\/\/hostnetart.com.br\/baixada\/wp-json\/wp\/v2\/tags?post=4793"}],"curies":[{"name":"wp","href":"https:\/\/api.w.org\/{rel}","templated":true}]}}