{"id":4789,"date":"2018-07-13T15:18:27","date_gmt":"2018-07-13T18:18:27","guid":{"rendered":"https:\/\/hostnetart.com.br\/baixada\/empregados-da-caixa-se-reunem-com-a-direcao-do-banco-nesta-sexta-feira\/"},"modified":"2018-07-13T15:18:27","modified_gmt":"2018-07-13T18:18:27","slug":"empregados-da-caixa-se-reunem-com-a-direcao-do-banco-nesta-sexta-feira","status":"publish","type":"post","link":"https:\/\/hostnetart.com.br\/baixada\/empregados-da-caixa-se-reunem-com-a-direcao-do-banco-nesta-sexta-feira\/","title":{"rendered":"Empregados da Caixa se re\u00fanem com a dire\u00e7\u00e3o do banco nesta sexta-feira"},"content":{"rendered":"<div class=\"content\">\n<p>Os empregados da Caixa Econ\u00f4mica Federal fazem, nesta sexta-feira (13), a primeira rodada de negocia\u00e7\u00e3o espec\u00edfica com a dire\u00e7\u00e3o do banco para a Campanha Nacional dos Banc\u00e1rios 2018, em S\u00e3o Paulo. A minuta de reivindica\u00e7\u00f5es dos trabalhadores foi entregue ao banco no dia 13 de junho, mesma data da entrega da minuta da Conven\u00e7\u00e3o Coletiva dos banc\u00e1rios \u00e0 Federa\u00e7\u00e3o Nacional dos Bancos (Fenaban). O tema do encontro ser\u00e1 sa\u00fade e condi\u00e7\u00f5es de trabalho e pr\u00e9-acordo de garantia da ultratividade.<\/p>\n<p>A pauta espec\u00edfica dos empregados da Caixa foi constru\u00edda ao longo de v\u00e1rios meses, com reuni\u00f5es nos locais de trabalho, assembleias e encontros regionais, sendo consolidada e aprovada no 34\u00ba Congresso Nacional dos Empregados da Caixa Econ\u00f4mica Federal, realizado nos dias 7 e 8 de junho.<\/p>\n<p>\u201cOs direitos conquistados pelos trabalhadores t\u00eam uma hist\u00f3ria de negocia\u00e7\u00e3o, que come\u00e7ou no s\u00e9culo passado. Os empregados da Caixa, especificamente, t\u00eam um hall grande de direitos frutos de muita luta. O que a gente pretende \u00e9 formalizar a manuten\u00e7\u00e3o desses direitos, al\u00e9m de apresentar as reivindica\u00e7\u00f5es debatidas no 34\u00ba Conecef\u201d, disse Dion\u00edsio Reis, coordenador da Comiss\u00e3o Executiva dos Empregados da Caixa (CEE\/Caixa).<\/p>\n<p>Entre as pautas dos empregados de sa\u00fade e condi\u00e7\u00f5es de trabalho, destaque para a revoga\u00e7\u00e3o da vers\u00e3o 41 do RH184, fim do descomissionamento arbitr\u00e1rio, fim do GDP e da verticaliza\u00e7\u00e3o, \u00a0transpar\u00eancia nos PSI, sem descrimina\u00e7\u00e3o de \u00e1reas ou p\u00fablico alvo, pol\u00edtica de sa\u00fade mental \u00a0e trabalho da gestante, al\u00e9m da reivindica\u00e7\u00f5es por mais empregados j\u00e1!<\/p>\n<p>Para a representante da Contraf-CUT na Comiss\u00e3o dos Empregados da Caixa, Fabiana Uehara Proscholdt, j\u00e1 estava mais do que na hora de come\u00e7arem as negocia\u00e7\u00f5es. \u201cEsperamos que nessa mesa tenhamos a boa vontade dos representantes da Caixa em negociar sem retrocessos. N\u00f3s, os empregados, estamos mobilizados por nenhum direito a menos. Todos por tudo\u201d, afirmou.<\/p>\n<\/div>\n<p id=\"page-author\"><strong>Fonte: Contraf-CUT<\/strong><\/p>\n","protected":false},"excerpt":{"rendered":"<p>Os empregados da Caixa Econ\u00f4mica Federal fazem, nesta sexta-feira (13), a primeira rodada de negocia\u00e7\u00e3o espec\u00edfica com a dire\u00e7\u00e3o do banco para a Campanha Nacional dos Banc\u00e1rios 2018, em S\u00e3o Paulo. A minuta de reivindica\u00e7\u00f5es dos trabalhadores foi entregue ao banco no dia 13 de junho, mesma data da entrega da minuta da Conven\u00e7\u00e3o Coletiva [&hellip;]<\/p>\n","protected":false},"author":2,"featured_media":4788,"comment_status":"","ping_status":"","sticky":false,"template":"","format":"standard","meta":{"footnotes":""},"categories":[3],"tags":[],"class_list":["post-4789","post","type-post","status-publish","format-standard","has-post-thumbnail","hentry","category-noticias"],"_links":{"self":[{"href":"https:\/\/hostnetart.com.br\/baixada\/wp-json\/wp\/v2\/posts\/4789","targetHints":{"allow":["GET"]}}],"collection":[{"href":"https:\/\/hostnetart.com.br\/baixada\/wp-json\/wp\/v2\/posts"}],"about":[{"href":"https:\/\/hostnetart.com.br\/baixada\/wp-json\/wp\/v2\/types\/post"}],"author":[{"embeddable":true,"href":"https:\/\/hostnetart.com.br\/baixada\/wp-json\/wp\/v2\/users\/2"}],"replies":[{"embeddable":true,"href":"https:\/\/hostnetart.com.br\/baixada\/wp-json\/wp\/v2\/comments?post=4789"}],"version-history":[{"count":0,"href":"https:\/\/hostnetart.com.br\/baixada\/wp-json\/wp\/v2\/posts\/4789\/revisions"}],"wp:featuredmedia":[{"embeddable":true,"href":"https:\/\/hostnetart.com.br\/baixada\/wp-json\/wp\/v2\/media\/4788"}],"wp:attachment":[{"href":"https:\/\/hostnetart.com.br\/baixada\/wp-json\/wp\/v2\/media?parent=4789"}],"wp:term":[{"taxonomy":"category","embeddable":true,"href":"https:\/\/hostnetart.com.br\/baixada\/wp-json\/wp\/v2\/categories?post=4789"},{"taxonomy":"post_tag","embeddable":true,"href":"https:\/\/hostnetart.com.br\/baixada\/wp-json\/wp\/v2\/tags?post=4789"}],"curies":[{"name":"wp","href":"https:\/\/api.w.org\/{rel}","templated":true}]}}