{"id":4787,"date":"2018-07-12T19:55:45","date_gmt":"2018-07-12T22:55:45","guid":{"rendered":"https:\/\/hostnetart.com.br\/baixada\/ate-1-de-agosto-bancarios-devem-ter-proposta-final\/"},"modified":"2018-07-12T19:55:45","modified_gmt":"2018-07-12T22:55:45","slug":"ate-1-de-agosto-bancarios-devem-ter-proposta-final","status":"publish","type":"post","link":"https:\/\/hostnetart.com.br\/baixada\/ate-1-de-agosto-bancarios-devem-ter-proposta-final\/","title":{"rendered":"At\u00e9 1\u00ba de agosto banc\u00e1rios devem ter proposta final"},"content":{"rendered":"<h2><em>Bancos n\u00e3o assinaram ultratividade, mas aceitaram calend\u00e1rio proposto pelo Comando com rodadas nos dias 19 e 25 de julho, al\u00e9m do dia 1\u00ba<\/em><\/h2>\n<p>\u00a0<\/p>\n<div class=\"content\">\n<p>Os bancos se negaram a assinar a ultratividade dos direitos da categoria, mas aceitaram o calend\u00e1rio proposto pelo Comando Nacional dos Banc\u00e1rios, com o compromisso de apresentar uma proposta final para os trabalhadores at\u00e9 1\u00ba de agosto. A segunda rodada de negocia\u00e7\u00e3o entre os representantes dos banc\u00e1rios e da Fenaban foi realizada em S\u00e3o Paulo, nesta quinta-feira (12).<\/p>\n<p>O Comando reiterou a import\u00e2ncia do pr\u00e9-acordo para manter a validade dos direitos da categoria. \u201cQueremos dar tranquilidade aos banc\u00e1rios. Por\u00e9m foi um passo importante estabelecer esse calend\u00e1rio com compromisso de negocia\u00e7\u00f5es mais efetivas e uma proposta final at\u00e9 1\u00ba de agosto\u201d, afirmou a presidenta da Confedera\u00e7\u00e3o dos Trabalhadores do Ramo Financeiro (Contraf-CUT), Juvandia Moreira.<\/p>\n<p>O Comando Nacional dos Banc\u00e1rios cobrou e os negociadores das institui\u00e7\u00f5es financeiras refor\u00e7aram que respeitar\u00e3o a negocia\u00e7\u00e3o em mesa nacional e unificada. \u201cO Comando tamb\u00e9m quer resolver a campanha na mesa de negocia\u00e7\u00e3o. Os bancos est\u00e3o lucrando como sempre, mesmo em plena crise. Ou seja, podem realmente fechar o acordo logo, sem colocar em risco os direitos dos banc\u00e1rios. Isso n\u00e3o aceitaremos\u201d, refor\u00e7ou a dirigente, que \u00e9 uma das coordenadoras do Comando.<\/p>\n<p><strong>Calend\u00e1rio de negocia\u00e7\u00f5es fechado<\/strong><\/p>\n<p>O calend\u00e1rio proposto pelos representantes dos trabalhadores tamb\u00e9m foi aceito pelos negociadores dos bancos. A pr\u00f3xima rodada ser\u00e1 realizada em 19 de julho, sobre o tema sa\u00fade e condi\u00e7\u00f5es de trabalho. \u201cOs banc\u00e1rios est\u00e3o sofrendo com a sobrecarga de trabalho. Muitos est\u00e3o aposentados por invalidez sendo obrigados a voltar para os locais de trabalho sem condi\u00e7\u00f5es f\u00edsicas e psicol\u00f3gicas para isso. H\u00e1 muitos munic\u00edpios do pa\u00eds que n\u00e3o est\u00e3o recebendo numer\u00e1rio. E s\u00e3o os trabalhadores, na linha de frente, que sofrem com a press\u00e3o e a insatisfa\u00e7\u00e3o dos clientes. S\u00e3o quest\u00f5es que queremos debater e ver solucionadas\u201d, ressaltou Juvandia.<\/p>\n<p>No dia 25, a pauta ser\u00e1 emprego. As cl\u00e1usulas econ\u00f4micas ser\u00e3o debatidas em 1\u00ba de agosto, quando a Fenaban ficou de apresentar uma proposta global para ser apresentada aos banc\u00e1rios em assembleia.<\/p>\n<p>\u201cDeixamos claro para os bancos que queremos debater a pauta da categoria com todo cuidado e aten\u00e7\u00e3o. Temos o compromisso de que as institui\u00e7\u00f5es financeiras trabalhar\u00e3o para trazer uma proposta final at\u00e9 1\u00ba de agosto\u201d, refor\u00e7ou a presidenta da Contraf-CUT.<\/p>\n<p>\u201cOs banc\u00e1rios devem se\u00a0manter atentos e mobilizados, participando de todos os atos promovidos pelos sindicatos e federa\u00e7\u00f5es em defesa dos direitos, dos empregos, dos bancos p\u00fablicos\u201d, orientou ela. \u201cEstamos vivendo num pa\u00eds tomado por um golpe contra a classe trabalhadora. Toda aten\u00e7\u00e3o nessa Campanha Nacional Unificada \u00e9 necess\u00e1ria. Informem-se pelos ve\u00edculos de comunica\u00e7\u00e3o da Contraf, das entidades sindicais e pela imprensa dos trabalhadores, como a Rede Brasil Atual e a TVT.\u201d<\/p>\n<p>\u00a0<\/p>\n<\/div>\n<p id=\"page-author\"><span style=\"text-decoration: underline;\"><strong>Fonte: Contraf-CUT<\/strong><\/span><\/p>\n","protected":false},"excerpt":{"rendered":"<p>Bancos n\u00e3o assinaram ultratividade, mas aceitaram calend\u00e1rio proposto pelo Comando com rodadas nos dias 19 e 25 de julho, al\u00e9m do dia 1\u00ba \u00a0 Os bancos se negaram a assinar a ultratividade dos direitos da categoria, mas aceitaram o calend\u00e1rio proposto pelo Comando Nacional dos Banc\u00e1rios, com o compromisso de apresentar uma proposta final para [&hellip;]<\/p>\n","protected":false},"author":2,"featured_media":4786,"comment_status":"","ping_status":"","sticky":false,"template":"","format":"standard","meta":{"footnotes":""},"categories":[3],"tags":[],"class_list":["post-4787","post","type-post","status-publish","format-standard","has-post-thumbnail","hentry","category-noticias"],"_links":{"self":[{"href":"https:\/\/hostnetart.com.br\/baixada\/wp-json\/wp\/v2\/posts\/4787","targetHints":{"allow":["GET"]}}],"collection":[{"href":"https:\/\/hostnetart.com.br\/baixada\/wp-json\/wp\/v2\/posts"}],"about":[{"href":"https:\/\/hostnetart.com.br\/baixada\/wp-json\/wp\/v2\/types\/post"}],"author":[{"embeddable":true,"href":"https:\/\/hostnetart.com.br\/baixada\/wp-json\/wp\/v2\/users\/2"}],"replies":[{"embeddable":true,"href":"https:\/\/hostnetart.com.br\/baixada\/wp-json\/wp\/v2\/comments?post=4787"}],"version-history":[{"count":0,"href":"https:\/\/hostnetart.com.br\/baixada\/wp-json\/wp\/v2\/posts\/4787\/revisions"}],"wp:featuredmedia":[{"embeddable":true,"href":"https:\/\/hostnetart.com.br\/baixada\/wp-json\/wp\/v2\/media\/4786"}],"wp:attachment":[{"href":"https:\/\/hostnetart.com.br\/baixada\/wp-json\/wp\/v2\/media?parent=4787"}],"wp:term":[{"taxonomy":"category","embeddable":true,"href":"https:\/\/hostnetart.com.br\/baixada\/wp-json\/wp\/v2\/categories?post=4787"},{"taxonomy":"post_tag","embeddable":true,"href":"https:\/\/hostnetart.com.br\/baixada\/wp-json\/wp\/v2\/tags?post=4787"}],"curies":[{"name":"wp","href":"https:\/\/api.w.org\/{rel}","templated":true}]}}