{"id":4779,"date":"2018-07-12T13:31:40","date_gmt":"2018-07-12T16:31:40","guid":{"rendered":"https:\/\/hostnetart.com.br\/baixada\/brasil-regrediu-em-todas-as-metas-pactuadas-com-a-onu\/"},"modified":"2018-07-12T13:31:40","modified_gmt":"2018-07-12T16:31:40","slug":"brasil-regrediu-em-todas-as-metas-pactuadas-com-a-onu","status":"publish","type":"post","link":"https:\/\/hostnetart.com.br\/baixada\/brasil-regrediu-em-todas-as-metas-pactuadas-com-a-onu\/","title":{"rendered":"Brasil regrediu em todas as metas pactuadas com a ONU"},"content":{"rendered":"<p><span style=\"font-weight: 400;\">No ritmo atual, o Brasil n\u00e3o conseguir\u00e1 cumprir nenhum dos 17 objetivos de desenvolvimento sustent\u00e1vel (ODS) com os quais se comprometeu diante das Organiza\u00e7\u00f5es das Na\u00e7\u00f5es Unidas (ONU). O pa\u00eds experimentou retrocessos em cada uma das \u00e1reas observadas pelo Relat\u00f3rio Luz 2018, documento organizado pelo Grupo de Trabalho da Sociedade Civil para a Agenda 2030.<\/span><\/p>\n<p><span style=\"font-weight: 400;\">O coletivo \u00e9 formado por mais de 40 entidades do terceiro setor, entre elas, a ActionAid, a Transpar\u00eancia Internacional e a Gestos e Aldeias Infantis. Elas avaliaram todos os ODS, com base em dados oficiais e na Pesquisa Nacional por Amostra de Domic\u00edlios (PNAD), realizada pelo Instituto Brasileiro de Geografia e Estat\u00edstica (IBGE). Nessa quarta-feira (11\/7) as conclus\u00f5es do documento foram apresentadas em tom de preocupa\u00e7\u00e3o. <\/span><\/p>\n<p><span style=\"font-weight: 400;\">\u201cO relat\u00f3rio analisa 121 (das 169) metas dos ODS e aponta que o caminho trilhado nos \u00faltimos tr\u00eas anos pelo Brasil \u00e9 incoerente com a Agenda 2030\u201d,\u00a0aponta o documento.<\/span><\/p>\n<p><span style=\"font-weight: 400;\">Os ODS s\u00e3o metas da Agenda 2030, documento assinado por 192 pa\u00edses. Incluem dados sobre educa\u00e7\u00e3o, sa\u00fade, igualdade de g\u00eanero, meio ambiente e economia.<\/span><\/p>\n<p><span style=\"font-weight: 400;\">O levantamento ressalta que or\u00e7amentos de pol\u00edticas e programas importantes para a sociedade e para o meio ambiente est\u00e3o menores ou zerados, enquanto cresce o endividamento p\u00fablico, a pobreza e a fome. <\/span><\/p>\n<blockquote>\n<p><span style=\"font-weight: 400;\">\u201cOs abismos sociais entre ricos e pobres aprofundam-se, consolida-se a exclus\u00e3o hist\u00f3rica baseada em ra\u00e7as, etnias, identidade de g\u00eanero e orienta\u00e7\u00e3o sexual; continuam os ataques \u00e0s Unidades de Conserva\u00e7\u00e3o e \u00e0 legisla\u00e7\u00e3o ambiental\u201d, diz o texto.<\/span><\/p>\n<\/blockquote>\n<p><span style=\"font-weight: 400;\">A flexibiliza\u00e7\u00e3o das leis trabalhistas e a aprova\u00e7\u00e3o da <a href=\"http:\/\/www.planalto.gov.br\/ccivil_03\/constituicao\/emendas\/emc\/emc95.htm\" target=\"_blank\" rel=\"noopener noreferrer\">Emenda Constitucional n\u00ba 95\/2016<\/a> (que congelou gastos p\u00fablicos nos pr\u00f3ximos 20 anos) s\u00e3o, ainda segundo o estudo, \u201cs\u00edmbolos irrefut\u00e1veis do descompromisso do governo atual\u201d no cumprimento das metas.<\/span><\/p>\n<p><span style=\"font-weight: 400;\">Veja alguns dos principais trechos abordados pelo relat\u00f3rio, que pode ser lido <a href=\"https:\/\/brasilnaagenda2030.files.wordpress.com\/2018\/07\/relatorio-sicc81ntese_final_download.pdf\" target=\"_blank\" rel=\"noopener noreferrer\">na \u00edntegra aqui<\/a>:<\/span><\/p>\n<p><b>Erradica\u00e7\u00e3o da pobreza<br \/><\/b><span style=\"font-weight: 400;\">A Pesquisa Nacional por Amostra de Domic\u00edlios Cont\u00ednua, divulgada pelo IBGE, comprova o acelerado crescimento da pobreza e da extrema pobreza nos dois \u00faltimos anos. Os dados mostram que, em rela\u00e7\u00e3o \u00e0 extrema pobreza, o pa\u00eds volta aos n\u00fameros de 2005 e, em rela\u00e7\u00e3o \u00e0 pobreza, aos de 2009. Ou seja, houve uma perda que se deu em tempo bem mais r\u00e1pido do que o tempo levado para avan\u00e7ar.<\/span><\/p>\n<div class=\"bloco-leg aligncenter size-full wp-image-632092\">\n<div class=\"imgPinWrap\"><img fetchpriority=\"high\" decoding=\"async\" class=\"aligncenter size-full wp-image-632092 loading\" src=\"https:\/\/uploads.metropoles.com\/wp-content\/uploads\/2018\/07\/11172936\/grafico1.jpg\" sizes=\"(max-width: 699px) 100vw, 699px\" srcset=\"https:\/\/uploads.metropoles.com\/wp-content\/uploads\/2018\/07\/11172936\/grafico1.jpg 699w, https:\/\/uploads.metropoles.com\/wp-content\/uploads\/2018\/07\/11172936\/grafico1-300x149.jpg 300w\" alt=\"Reprodu\u00e7\u00e3o\" width=\"699\" height=\"348\" data-was-processed=\"true\" \/><\/div>\n<p><span class=\"leg\">Reprodu\u00e7\u00e3o<\/span><\/div>\n<p>\u00a0<\/p>\n<p><b>Igualdade de g\u00eanero<br \/><\/b><span style=\"font-weight: 400;\">Com a extin\u00e7\u00e3o da Secretaria Nacional de Pol\u00edticas para Mulheres, em 2016, e com s\u00e9rias restri\u00e7\u00f5es or\u00e7ament\u00e1rias das secretarias dedicadas \u00e0s tem\u00e1ticas de g\u00eanero, todas as pol\u00edticas nesta \u00e1rea est\u00e3o em colapso, segundo o relat\u00f3rio. <\/span><\/p>\n<p><span style=\"font-weight: 400;\">Sobre eliminar todas as formas de viol\u00eancia (meta 5), os dados\u00a0exp\u00f5em a gravidade da situa\u00e7\u00e3o. O or\u00e7amento da Pol\u00edtica Para as Mulheres: Promo\u00e7\u00e3o da Autonomia\u00a0<\/span><span style=\"font-weight: 400;\">e Enfrentamento \u00e0 Viol\u00eancia caiu 32,5% \u2013 de R$ 87,5 milh\u00f5es\u00a0<\/span><span style=\"font-weight: 400;\">em 2016 para R$ 59,1 milh\u00f5es em 2017.<\/span><\/p>\n<div id=\"attachment_169949\" class=\"wp-caption aligncenter\" style=\"max-width: 610px;\">\n<div class=\"bloco-leg wp-image-169949\"><span class=\"leg\">ELLAN LUSTOSA\/ESTAD\u00c3O CONTE\u00daDO<\/span><\/p>\n<div class=\"imgPinWrap\"><img decoding=\"async\" class=\"wp-image-169949 loading\" src=\"https:\/\/uploads.metropoles.com\/wp-content\/uploads\/2016\/06\/06123730\/copacabana-viol%C3%AAncia-sexual-calcinha.jpg\" sizes=\"(max-width: 600px) 100vw, 600px\" srcset=\"https:\/\/uploads.metropoles.com\/wp-content\/uploads\/2016\/06\/06123730\/copacabana-viol%C3%AAncia-sexual-calcinha.jpg 900w, https:\/\/uploads.metropoles.com\/wp-content\/uploads\/2016\/06\/06123730\/copacabana-viol%C3%AAncia-sexual-calcinha-300x200.jpg 300w, https:\/\/uploads.metropoles.com\/wp-content\/uploads\/2016\/06\/06123730\/copacabana-viol%C3%AAncia-sexual-calcinha-212x142.jpg 212w\" alt=\"ELLAN LUSTOSA\/ESTAD\u00c3O CONTE\u00daDO\" width=\"600\" height=\"400\" data-was-processed=\"true\" \/><\/div>\n<\/div>\n<p class=\"wp-caption-text\">A foto mostra protesto da ONG Rio de Paz contra abusos relacionados a mulheres<\/p>\n<\/div>\n<p>\u00a0<\/p>\n<p><span style=\"font-weight: 400;\">Enquanto isso, aumentam den\u00fancias de viol\u00eancia na Central de Atendimento \u00e0 Mulher (Ligue 180), que teve 140.350 registros. Em rela\u00e7\u00e3o a 2015, cresceram 54% as den\u00fancias de c\u00e1rcere privado; 121% as de estupro; 69,40% as de explora\u00e7\u00e3o sexual e 67,58% as de abuso sexual.<\/span><\/p>\n<p><span style=\"font-weight: 400;\">O estudo aponta que a Central de Atendimento \u00e0 Mulher, cujo or\u00e7amento tamb\u00e9m havia sido cortado em 2017, n\u00e3o teve recursos destinados para 2018, ficando apenas com restos a pagar. Os dados s\u00e3o do Instituto de Estudos Socioecon\u00f4micos (Inesc), Oxfam e do Center For Economic &amp; Social Rights (CESR).<\/span><\/p>\n<p><b>Sa\u00fade e bem-estar<br \/><\/b><span style=\"font-weight: 400;\">Sobre as doen\u00e7as transmiss\u00edveis, entre 1980 e 2017, o Brasil registrou 882.810 casos de Aids. A terapia antiretroviral \u00e9 disponibilizada universalmente, ainda que, com falhas na distribui\u00e7\u00e3o e no acesso. Apesar da queda na mortalidade (que passou de 5,9 para\u00a0<\/span><span style=\"font-weight: 400;\">5,2 \u00f3bitos por 100 mil habitantes no per\u00edodo), a situa\u00e7\u00e3o preocupa as entidades.<\/span><\/p>\n<p><span style=\"font-weight: 400;\">H\u00e1 coeficientes acima da m\u00e9dia em v\u00e1rios estados da federa\u00e7\u00e3o e, no per\u00edodo de 2006 a 2016, a incid\u00eancia quase triplicou entre os homens de 15 a 19 anos (de 2,4 para 6,7 casos\u00a0<\/span><span style=\"font-weight: 400;\">por 100 mil habitantes), passando de 16 para 33,9 por 100 mil habitantes, na faixa de 20 a 24 anos.\u00a0<\/span><span style=\"font-weight: 400;\">Houve aumento tamb\u00e9m entre as mulheres\u00a0com idade de 15 a 19 anos \u2014 de 3,6 casos\u00a0<\/span><span style=\"font-weight: 400;\">para 4,1 por 100 mil habitantes.<\/span><\/p>\n<div class=\"bloco-leg aligncenter wp-image-387716\">\n<div class=\"imgPinWrap\"><img decoding=\"async\" class=\"aligncenter wp-image-387716 loading\" src=\"https:\/\/uploads.metropoles.com\/wp-content\/uploads\/2017\/07\/21115125\/2017-07-211.jpg\" sizes=\"(max-width: 600px) 100vw, 600px\" srcset=\"https:\/\/uploads.metropoles.com\/wp-content\/uploads\/2017\/07\/21115125\/2017-07-211.jpg 840w, https:\/\/uploads.metropoles.com\/wp-content\/uploads\/2017\/07\/21115125\/2017-07-211-300x199.jpg 300w, https:\/\/uploads.metropoles.com\/wp-content\/uploads\/2017\/07\/21115125\/2017-07-211-800x530.jpg 800w, https:\/\/uploads.metropoles.com\/wp-content\/uploads\/2017\/07\/21115125\/2017-07-211-212x142.jpg 212w\" alt=\"iStock\" width=\"600\" height=\"399\" data-was-processed=\"true\" \/><\/div>\n<p><span class=\"leg\">iStock<\/span><\/div>\n<p><span style=\"font-weight: 400;\"><br \/> Sobre as doen\u00e7as tropicais negligenciadas, depois de sete anos em queda, a mal\u00e1ria volta a crescer: de cerca de 143 mil casos em 2015 para 194 mil em 2017. O n\u00famero de mortes por Febre Amarela tamb\u00e9m cresceu: 464 casos e 154 \u00f3bitos entre julho (2017) e fevereiro (2018). Com rela\u00e7\u00e3o \u00e0s infec\u00e7\u00f5es pelos v\u00edrus da dengue, <a href=\"https:\/\/www.metropoles.com\/brasil\/saude-br\/saude-restringe-doacao-de-sangue-para-quem-teve-zika-ou-chikungunya\" target=\"_blank\" rel=\"noopener noreferrer\">chikungunya<\/a> e<a href=\"https:\/\/www.metropoles.com\/distrito-federal\/saude-df\/saude-investiga-caso-grave-de-zika-virus-em-gestante-no-df\" target=\"_blank\" rel=\"noopener noreferrer\"> zika<\/a>, ap\u00f3s a grave crise em 2016, houve queda significativa de casos em 2017.<\/span><\/p>\n<p><b>Educa\u00e7\u00e3o<br \/><\/b><span style=\"font-weight: 400;\">Segundo as organiza\u00e7\u00f5es defensoras do direito humano \u00e0 educa\u00e7\u00e3o, h\u00e1 poucos avan\u00e7os no cumprimento das metas do Plano Nacional de Educa\u00e7\u00e3o (PNE), cuja implementa\u00e7\u00e3o \u201c<\/span><span style=\"font-weight: 400;\">est\u00e1 em risco diante das recentes medidas econ\u00f4micas do Governo brasileiro, como a aprova\u00e7\u00e3o da EC n\u00ba 95.\u201d<\/span><\/p>\n<p><span style=\"font-weight: 400;\">Os investimentos em educa\u00e7\u00e3o representam cerca de 4,9% do PIB. Em 2016, R$ 136,9 bilh\u00f5es foram investidos pelo Fundo de Manuten\u00e7\u00e3o e Desenvolvimento da Educa\u00e7\u00e3o B\u00e1sica e de Valoriza\u00e7\u00e3o dos Profissionais da Educa\u00e7\u00e3o (Fundeb) na educa\u00e7\u00e3o b\u00e1sica p\u00fablica, mas, para implementar o Custo Aluno Qualidade Inicial (estrat\u00e9gia da meta 20 do PNE), seria necess\u00e1rio um acr\u00e9scimo de R$ 50 bilh\u00f5es no or\u00e7amento anual.<\/span><\/p>\n<div class=\"bloco-leg aligncenter wp-image-476418\">\n<div class=\"imgPinWrap\"><img loading=\"lazy\" decoding=\"async\" class=\"aligncenter wp-image-476418 loading\" src=\"https:\/\/uploads.metropoles.com\/wp-content\/uploads\/2017\/12\/06120543\/ensinofundamental-cred-secretaria_estadual_da_educacao_de_sp.jpg\" sizes=\"(max-width: 600px) 100vw, 600px\" srcset=\"https:\/\/uploads.metropoles.com\/wp-content\/uploads\/2017\/12\/06120543\/ensinofundamental-cred-secretaria_estadual_da_educacao_de_sp.jpg 840w, https:\/\/uploads.metropoles.com\/wp-content\/uploads\/2017\/12\/06120543\/ensinofundamental-cred-secretaria_estadual_da_educacao_de_sp-300x200.jpg 300w, https:\/\/uploads.metropoles.com\/wp-content\/uploads\/2017\/12\/06120543\/ensinofundamental-cred-secretaria_estadual_da_educacao_de_sp-212x142.jpg 212w\" alt=\"ag\u00eancia estado\" width=\"600\" height=\"400\" data-was-processed=\"true\" \/><\/div>\n<p><span class=\"leg\">ag\u00eancia estado<\/span><\/div>\n<p>\u00a0<\/p>\n<p><span style=\"font-weight: 400;\">O levantamento tamb\u00e9m aponta o racismo como item fundamental para discutir desigualdades: a PNAD Cont\u00ednua 2016 indica que a taxa de analfabetismo brasileira \u00e9 de 7,2%, mas entre pretos e pardos \u00e9 de 9,9% em contraste aos 4,2 % entre brancos. <\/span><\/p>\n<p><span style=\"font-weight: 400;\">A m\u00e9dia brasileira \u00e9\u00a0<\/span><span style=\"font-weight: 400;\">de oito anos de escolaridade. Entre a popula\u00e7\u00e3o branca, esta m\u00e9dia sobe para nove. J\u00e1 entre pretos e pardos, ela cai para 7,1 anos.<\/span><\/p>\n<p>O <strong>Metr\u00f3poles<\/strong> entrou em contato com a Presid\u00eancia da Rep\u00fablica para falar sobre o relat\u00f3rio, mas n\u00e3o teve retorno at\u00e9 a publica\u00e7\u00e3o desta mat\u00e9ria.<\/p>\n<p>\u00a0<\/p>\n<p><span style=\"text-decoration: underline;\"><em><strong>FONTE: Metr\u00f3poles<\/strong> <\/em><\/span><\/p>\n","protected":false},"excerpt":{"rendered":"<p>No ritmo atual, o Brasil n\u00e3o conseguir\u00e1 cumprir nenhum dos 17 objetivos de desenvolvimento sustent\u00e1vel (ODS) com os quais se comprometeu diante das Organiza\u00e7\u00f5es das Na\u00e7\u00f5es Unidas (ONU). O pa\u00eds experimentou retrocessos em cada uma das \u00e1reas observadas pelo Relat\u00f3rio Luz 2018, documento organizado pelo Grupo de Trabalho da Sociedade Civil para a Agenda 2030. [&hellip;]<\/p>\n","protected":false},"author":2,"featured_media":4778,"comment_status":"","ping_status":"","sticky":false,"template":"","format":"standard","meta":{"footnotes":""},"categories":[3],"tags":[],"class_list":["post-4779","post","type-post","status-publish","format-standard","has-post-thumbnail","hentry","category-noticias"],"_links":{"self":[{"href":"https:\/\/hostnetart.com.br\/baixada\/wp-json\/wp\/v2\/posts\/4779","targetHints":{"allow":["GET"]}}],"collection":[{"href":"https:\/\/hostnetart.com.br\/baixada\/wp-json\/wp\/v2\/posts"}],"about":[{"href":"https:\/\/hostnetart.com.br\/baixada\/wp-json\/wp\/v2\/types\/post"}],"author":[{"embeddable":true,"href":"https:\/\/hostnetart.com.br\/baixada\/wp-json\/wp\/v2\/users\/2"}],"replies":[{"embeddable":true,"href":"https:\/\/hostnetart.com.br\/baixada\/wp-json\/wp\/v2\/comments?post=4779"}],"version-history":[{"count":0,"href":"https:\/\/hostnetart.com.br\/baixada\/wp-json\/wp\/v2\/posts\/4779\/revisions"}],"wp:featuredmedia":[{"embeddable":true,"href":"https:\/\/hostnetart.com.br\/baixada\/wp-json\/wp\/v2\/media\/4778"}],"wp:attachment":[{"href":"https:\/\/hostnetart.com.br\/baixada\/wp-json\/wp\/v2\/media?parent=4779"}],"wp:term":[{"taxonomy":"category","embeddable":true,"href":"https:\/\/hostnetart.com.br\/baixada\/wp-json\/wp\/v2\/categories?post=4779"},{"taxonomy":"post_tag","embeddable":true,"href":"https:\/\/hostnetart.com.br\/baixada\/wp-json\/wp\/v2\/tags?post=4779"}],"curies":[{"name":"wp","href":"https:\/\/api.w.org\/{rel}","templated":true}]}}