{"id":4777,"date":"2018-07-12T13:30:49","date_gmt":"2018-07-12T16:30:49","guid":{"rendered":"https:\/\/hostnetart.com.br\/baixada\/bancarios-querem-pre-acordo-de-ultratividade-assinado-hoje\/"},"modified":"2018-07-12T13:30:49","modified_gmt":"2018-07-12T16:30:49","slug":"bancarios-querem-pre-acordo-de-ultratividade-assinado-hoje","status":"publish","type":"post","link":"https:\/\/hostnetart.com.br\/baixada\/bancarios-querem-pre-acordo-de-ultratividade-assinado-hoje\/","title":{"rendered":"Banc\u00e1rios querem pr\u00e9-acordo de ultratividade assinado hoje"},"content":{"rendered":"<div class=\"content\">\n<p>Garantia de que todos os direitos previstos na Conven\u00e7\u00e3o Coletiva de Trabalho ser\u00e3o respeitados at\u00e9 que um novo acordo seja assinado. \u00c9 isso que o Comando Nacional dos Banc\u00e1rios cobra da Federa\u00e7\u00e3o Nacional dos Bancos (Fenaban) nesta quinta-feira (12). Os trabalhadores querem sair da segunda rodada de negocia\u00e7\u00e3o da Campanha Nacional Unificada 2018 com o pr\u00e9-acordo de ultratividade assinado, e um calend\u00e1rio para as pr\u00f3ximas rodadas de negocia\u00e7\u00e3o.<\/p>\n<p>\u201cDiante do desmonte trabalhista, nada mais est\u00e1 garantido para os trabalhadores\u201d, alerta a presidenta da Confedera\u00e7\u00e3o dos Trabalhadores do Ramo Financeiro (Contraf-CUT), Juvandia Moreira. \u201cPor isso, a assinatura desse pr\u00e9-acordo \u00e9 fundamental para os banc\u00e1rios. Gra\u00e7as ao acordo de dois anos, conquistado em 2016, os direitos da categoria, previstos na CCT, s\u00e3o v\u00e1lidos at\u00e9 31 de agosto deste ano. Mas depois, nada mais na lei garante que ser\u00e3o respeitados. H\u00e1 categorias que ainda n\u00e3o assinaram novos acordos e maus patr\u00f5es se aproveitaram disso para deixar de pagar VA, VR, plano de sa\u00fade. N\u00e3o vamos permitir que isso aconte\u00e7a com os banc\u00e1rios. Queremos sair dessa mesa de quinta-feira com a ultratividade dos direitos totalmente garantida\u201d, explica a dirigente.<\/p>\n<p>O Comando Nacional dos Banc\u00e1rios tamb\u00e9m quer uma resposta para o calend\u00e1rio de negocia\u00e7\u00f5es sugerido aos negociadores da Fenaban na primeira reuni\u00e3o realizada em 28 de junho.<\/p>\n<p>\u201cAntecipamos bastante nossa Campanha 2018 para n\u00e3o deixar a categoria \u00e0 merc\u00ea da retirada de direitos autorizada pela legisla\u00e7\u00e3o trabalhista do p\u00f3s-golpe. Por isso queremos acertar essa agenda para que as rodadas ocorram de forma a assinarmos nossa Conven\u00e7\u00e3o Coletiva de Trabalho garantindo todos os direitos dos banc\u00e1rios. O Comando Nacional est\u00e1 totalmente disposto a negociar e resolver a campanha o mais breve poss\u00edvel. E os bancos est\u00e3o em excelente sa\u00fade financeira, como sempre gra\u00e7as aos seus empregados, e podem fazer isso com tranquilidade\u201d, refor\u00e7a Juvandia.<\/p>\n<p><strong>Outras reivindica\u00e7\u00f5es<\/strong> \u2013 Reunidos em confer\u00eancia nacional, banc\u00e1rios e banc\u00e1rias de todo o Brasil definiram como prioridade para a Campanha 2018, al\u00e9m do pr\u00e9-acordo, aumento real para sal\u00e1rios e demais verbas, PLR maior, garantia dos empregos. A categoria est\u00e1 mobilizada, ainda, em defesa dos bancos p\u00fablicos e da democracia, com foco na elei\u00e7\u00e3o de candidatos, em outubro, comprometidos com os direitos da classe trabalhadora.<\/p>\n<p>A pauta foi entregue aos bancos em 13 de junho e reivindica, ainda, cl\u00e1usulas defendam os banc\u00e1ripd de outras amea\u00e7as da lei trabalhista como a retirada da CCT dos banc\u00e1rios hipersuficientes (quem ganha a partir de duas vezes o teto de benef\u00edcios do INSS, hoje em R$ 11.291, e tenha ensino superior), os contratos tempor\u00e1rios, intermitentes, a terceiriza\u00e7\u00e3o.<\/p>\n<p><strong><a href=\"http:\/\/www.contrafcut.org.br\/noticias\/bancarios-realizam-atos-em-defesa-dos-direitos-da-categoria-e17f\">#AssinaFenaban<\/a><\/strong> \u2013 Sindicatos realizaram <a href=\"http:\/\/www.contrafcut.org.br\/noticias\/bancarios-realizam-atos-em-defesa-dos-direitos-da-categoria-e17f\/\" target=\"_blank\" rel=\"noopener noreferrer\"><ins><strong>atos em todo o pa\u00eds<\/strong><\/ins><\/a> na quarta-feira (11) alertando a categoria sobre o que pode acontecer caso os bancos n\u00e3o assinem o pr\u00e9-acordo de garantia dos direitos. Os dirigentes explicaram que tais direitos n\u00e3o s\u00e3o \u201cbenef\u00edcios\u201d, foram conquistados ap\u00f3s anos de mobiliza\u00e7\u00e3o e, agora, depois da aprova\u00e7\u00e3o da \u201creforma\u201d trabalhista, correm risco.<\/p>\n<p>Nas redes sociais, a categoria usou a #AssinaFenaban para ajudar a pressionar os bancos.<\/p>\n<\/div>\n<p id=\"page-author\"><strong>Fonte: Contraf-CUT<\/strong><\/p>\n","protected":false},"excerpt":{"rendered":"<p>Garantia de que todos os direitos previstos na Conven\u00e7\u00e3o Coletiva de Trabalho ser\u00e3o respeitados at\u00e9 que um novo acordo seja assinado. \u00c9 isso que o Comando Nacional dos Banc\u00e1rios cobra da Federa\u00e7\u00e3o Nacional dos Bancos (Fenaban) nesta quinta-feira (12). Os trabalhadores querem sair da segunda rodada de negocia\u00e7\u00e3o da Campanha Nacional Unificada 2018 com o [&hellip;]<\/p>\n","protected":false},"author":2,"featured_media":4776,"comment_status":"","ping_status":"","sticky":false,"template":"","format":"standard","meta":{"footnotes":""},"categories":[3],"tags":[],"class_list":["post-4777","post","type-post","status-publish","format-standard","has-post-thumbnail","hentry","category-noticias"],"_links":{"self":[{"href":"https:\/\/hostnetart.com.br\/baixada\/wp-json\/wp\/v2\/posts\/4777","targetHints":{"allow":["GET"]}}],"collection":[{"href":"https:\/\/hostnetart.com.br\/baixada\/wp-json\/wp\/v2\/posts"}],"about":[{"href":"https:\/\/hostnetart.com.br\/baixada\/wp-json\/wp\/v2\/types\/post"}],"author":[{"embeddable":true,"href":"https:\/\/hostnetart.com.br\/baixada\/wp-json\/wp\/v2\/users\/2"}],"replies":[{"embeddable":true,"href":"https:\/\/hostnetart.com.br\/baixada\/wp-json\/wp\/v2\/comments?post=4777"}],"version-history":[{"count":0,"href":"https:\/\/hostnetart.com.br\/baixada\/wp-json\/wp\/v2\/posts\/4777\/revisions"}],"wp:featuredmedia":[{"embeddable":true,"href":"https:\/\/hostnetart.com.br\/baixada\/wp-json\/wp\/v2\/media\/4776"}],"wp:attachment":[{"href":"https:\/\/hostnetart.com.br\/baixada\/wp-json\/wp\/v2\/media?parent=4777"}],"wp:term":[{"taxonomy":"category","embeddable":true,"href":"https:\/\/hostnetart.com.br\/baixada\/wp-json\/wp\/v2\/categories?post=4777"},{"taxonomy":"post_tag","embeddable":true,"href":"https:\/\/hostnetart.com.br\/baixada\/wp-json\/wp\/v2\/tags?post=4777"}],"curies":[{"name":"wp","href":"https:\/\/api.w.org\/{rel}","templated":true}]}}