{"id":4775,"date":"2018-07-12T13:29:20","date_gmt":"2018-07-12T16:29:20","guid":{"rendered":"https:\/\/hostnetart.com.br\/baixada\/comando-nacional-dos-bancarios-debate-rodada-de-quinta-feira\/"},"modified":"2018-07-12T13:29:20","modified_gmt":"2018-07-12T16:29:20","slug":"comando-nacional-dos-bancarios-debate-rodada-de-quinta-feira","status":"publish","type":"post","link":"https:\/\/hostnetart.com.br\/baixada\/comando-nacional-dos-bancarios-debate-rodada-de-quinta-feira\/","title":{"rendered":"Comando Nacional dos Banc\u00e1rios debate rodada de quinta-feira"},"content":{"rendered":"<div class=\"content\">\n<p>Em reuni\u00e3o preparat\u00f3ria para a rodada de negocia\u00e7\u00e3o que ser\u00e1 realizada na quinta-feira (12), com a federa\u00e7\u00e3o dos bancos, dirigentes de sindicatos e federa\u00e7\u00f5es de banc\u00e1rios de todo o Brasil refor\u00e7aram a import\u00e2ncia da assinatura do pr\u00e9-acordo de ultratividade para garantir os direitos da categoria.<\/p>\n<p>Os integrantes do Comando Nacional ressaltaram, ainda, a necessidade de se estabelecer junto \u00e0 Fenaban um calend\u00e1rio para as pr\u00f3ximas negocia\u00e7\u00f5es, que respeite as principais reivindica\u00e7\u00f5es apontadas pelos trabalhadores em consulta realizadas em todo o pa\u00eds.<\/p>\n<p>A reuni\u00e3o foi realizada na tarde da quarta-feira 11, na sede da Confedera\u00e7\u00e3o Nacional dos Trabalhadores do Ramo Financeiro (Contraf-CUT), em S\u00e3o Paulo.<\/p>\n<p>\u201cVamos voltar ao debate reafirmando nossa disposi\u00e7\u00e3o de negociar. E as prioridades da categoria s\u00e3o reinvindica\u00e7\u00f5es sobre remunera\u00e7\u00e3o, manuten\u00e7\u00e3o dos direitos, emprego, sa\u00fade e condi\u00e7\u00f5es de trabalho\u201d, afirmou a presidenta da Contraf-CUT, Juvandia Moreira, coordenadora do Comando.<\/p>\n<p>\u201cEssa \u00e9 segunda rodada de negocia\u00e7\u00e3o com os bancos e queremos debater o que interessa aos banc\u00e1rios. Queremos sair de l\u00e1 com a assinatura do pr\u00e9-acordo de ultratividade e no m\u00ednimo um calend\u00e1rio de negocia\u00e7\u00e3o para o m\u00eas de julho\u201d, refor\u00e7ou Ivone Silva, presidenta do Sindicato dos Banc\u00e1rios de S\u00e3o Paulo, Osasco e Regi\u00e3o, tamb\u00e9m coordenadora do Comando.<\/p>\n<\/div>\n<p id=\"page-author\"><strong>Fonte: Contraf-CUT<\/strong><\/p>\n","protected":false},"excerpt":{"rendered":"<p>Em reuni\u00e3o preparat\u00f3ria para a rodada de negocia\u00e7\u00e3o que ser\u00e1 realizada na quinta-feira (12), com a federa\u00e7\u00e3o dos bancos, dirigentes de sindicatos e federa\u00e7\u00f5es de banc\u00e1rios de todo o Brasil refor\u00e7aram a import\u00e2ncia da assinatura do pr\u00e9-acordo de ultratividade para garantir os direitos da categoria. Os integrantes do Comando Nacional ressaltaram, ainda, a necessidade de [&hellip;]<\/p>\n","protected":false},"author":2,"featured_media":4774,"comment_status":"","ping_status":"","sticky":false,"template":"","format":"standard","meta":{"footnotes":""},"categories":[3],"tags":[],"class_list":["post-4775","post","type-post","status-publish","format-standard","has-post-thumbnail","hentry","category-noticias"],"_links":{"self":[{"href":"https:\/\/hostnetart.com.br\/baixada\/wp-json\/wp\/v2\/posts\/4775","targetHints":{"allow":["GET"]}}],"collection":[{"href":"https:\/\/hostnetart.com.br\/baixada\/wp-json\/wp\/v2\/posts"}],"about":[{"href":"https:\/\/hostnetart.com.br\/baixada\/wp-json\/wp\/v2\/types\/post"}],"author":[{"embeddable":true,"href":"https:\/\/hostnetart.com.br\/baixada\/wp-json\/wp\/v2\/users\/2"}],"replies":[{"embeddable":true,"href":"https:\/\/hostnetart.com.br\/baixada\/wp-json\/wp\/v2\/comments?post=4775"}],"version-history":[{"count":0,"href":"https:\/\/hostnetart.com.br\/baixada\/wp-json\/wp\/v2\/posts\/4775\/revisions"}],"wp:featuredmedia":[{"embeddable":true,"href":"https:\/\/hostnetart.com.br\/baixada\/wp-json\/wp\/v2\/media\/4774"}],"wp:attachment":[{"href":"https:\/\/hostnetart.com.br\/baixada\/wp-json\/wp\/v2\/media?parent=4775"}],"wp:term":[{"taxonomy":"category","embeddable":true,"href":"https:\/\/hostnetart.com.br\/baixada\/wp-json\/wp\/v2\/categories?post=4775"},{"taxonomy":"post_tag","embeddable":true,"href":"https:\/\/hostnetart.com.br\/baixada\/wp-json\/wp\/v2\/tags?post=4775"}],"curies":[{"name":"wp","href":"https:\/\/api.w.org\/{rel}","templated":true}]}}