{"id":4767,"date":"2018-07-11T13:52:39","date_gmt":"2018-07-11T16:52:39","guid":{"rendered":"https:\/\/hostnetart.com.br\/baixada\/teto-de-gastos-aprofunda-desmonte-das-universidades-publicas-federais\/"},"modified":"2018-07-11T13:52:39","modified_gmt":"2018-07-11T16:52:39","slug":"teto-de-gastos-aprofunda-desmonte-das-universidades-publicas-federais","status":"publish","type":"post","link":"https:\/\/hostnetart.com.br\/baixada\/teto-de-gastos-aprofunda-desmonte-das-universidades-publicas-federais\/","title":{"rendered":"Teto de gastos aprofunda desmonte das universidades p\u00fablicas federais"},"content":{"rendered":"<p class=\" \">Nos \u00faltimos dois anos, o contingenciamento de recursos que seriam destinados \u00e0s universidades p\u00fablicas federais, nos \u00faltimos dois anos, j\u00e1 chega a R$ 3 bilh\u00f5es. O valor, calculado por parlamentares, professores e estudantes, foi apresentado nesta ter\u00e7a-feira (10) em audi\u00eancia p\u00fablica na C\u00e2mara dos Deputados para denunciar<a class=\"internal-link\" title=\"\" href=\"http:\/\/www.redebrasilatual.com.br\/educacao\/2018\/06\/protesto-em-sp-denuncia-desmonte-do-ensino-publico-superior-no-estado\" target=\"_blank\" rel=\"noopener noreferrer\">\u00a0o sucateamento da educa\u00e7\u00e3o superior<\/a>\u00a0provocado pela lei do teto de gastos, que limitou os investimentos do governo no setor.<\/p>\n<p class=\" \">Em Bras\u00edlia, por exemplo,\u00a0<a class=\"internal-link\" title=\"\" href=\"http:\/\/www.redebrasilatual.com.br\/educacao\/2018\/06\/estudantes-protestam-contra-desmontes-de-politicas-de-acesso-a-educacao-publica\" target=\"_blank\" rel=\"noopener noreferrer\">o cen\u00e1rio de crise financeira no ensino superior p\u00fablico<\/a>\u00a0foi descrito pelo coordenador do centro acad\u00eamico de Antropologia da Universidade de Bras\u00edlia (UNB), Caio Sousa, que alertou para a sobrecarga de trabalho dos funcion\u00e1rios terceirizados, o encerramento de est\u00e1gios e o aumento no custo de vida dos estudantes para se manter na institui\u00e7\u00e3o.<\/p>\n<p class=\" \">\u201cO valor que ele (aluno) paga mensalmente chega a mais de R$ 700, enquanto a bolsa de assist\u00eancia estudantil n\u00e3o chega nem a esse valor. Como \u00e9 que mant\u00e9m o aluno na universidade? Como \u00e9 que a universidade vai continuar tendo a cara do povo que come\u00e7ou a ter?\u201d, questiona Sousa.<\/p>\n<p class=\" \">Para o deputado federal Glauber Braga (Psol-RJ), a sa\u00edda passa pela\u00a0<a class=\"internal-link\" title=\"\" href=\"http:\/\/www.redebrasilatual.com.br\/politica\/2018\/04\/movimentos-sociais-lancam-campanha-para-revogar-emenda-do-teto-de-gastos\" target=\"_blank\" rel=\"noopener noreferrer\">revoga\u00e7\u00e3o da PEC do Teto de Gastos<\/a>\u00a0e pelo cumprimento do Plano Nacional de Educa\u00e7\u00e3o e a consolida\u00e7\u00e3o de um Sistema Nacional de Educa\u00e7\u00e3o, reunindo padr\u00f5es normativos para o ensino no pa\u00eds.<\/p>\n<p class=\" \">O representante da Rede Urbana de A\u00e7\u00f5es Socioculturais Max Maciel cita ainda o repasse do or\u00e7amento da Uni\u00e3o para o fomento da educa\u00e7\u00e3o como uma contraposi\u00e7\u00e3o \u00e0 aproxima\u00e7\u00e3o do setor p\u00fablico com o privado. \u201cN\u00e3o \u00e9 falta de dinheiro, falta prioridade. Infelizmente, neste momento, esse governo tem um compromisso com o empresariado e com a classe especulativa\u201d, afirma Maciel.<\/p>\n<p class=\" \">\u00a0<\/p>\n<p class=\" \"><strong>FONTE: Rede Brasil Atual<\/strong><\/p>\n","protected":false},"excerpt":{"rendered":"<p>Nos \u00faltimos dois anos, o contingenciamento de recursos que seriam destinados \u00e0s universidades p\u00fablicas federais, nos \u00faltimos dois anos, j\u00e1 chega a R$ 3 bilh\u00f5es. O valor, calculado por parlamentares, professores e estudantes, foi apresentado nesta ter\u00e7a-feira (10) em audi\u00eancia p\u00fablica na C\u00e2mara dos Deputados para denunciar\u00a0o sucateamento da educa\u00e7\u00e3o superior\u00a0provocado pela lei do teto [&hellip;]<\/p>\n","protected":false},"author":2,"featured_media":4766,"comment_status":"","ping_status":"","sticky":false,"template":"","format":"standard","meta":{"footnotes":""},"categories":[3],"tags":[],"class_list":["post-4767","post","type-post","status-publish","format-standard","has-post-thumbnail","hentry","category-noticias"],"_links":{"self":[{"href":"https:\/\/hostnetart.com.br\/baixada\/wp-json\/wp\/v2\/posts\/4767","targetHints":{"allow":["GET"]}}],"collection":[{"href":"https:\/\/hostnetart.com.br\/baixada\/wp-json\/wp\/v2\/posts"}],"about":[{"href":"https:\/\/hostnetart.com.br\/baixada\/wp-json\/wp\/v2\/types\/post"}],"author":[{"embeddable":true,"href":"https:\/\/hostnetart.com.br\/baixada\/wp-json\/wp\/v2\/users\/2"}],"replies":[{"embeddable":true,"href":"https:\/\/hostnetart.com.br\/baixada\/wp-json\/wp\/v2\/comments?post=4767"}],"version-history":[{"count":0,"href":"https:\/\/hostnetart.com.br\/baixada\/wp-json\/wp\/v2\/posts\/4767\/revisions"}],"wp:featuredmedia":[{"embeddable":true,"href":"https:\/\/hostnetart.com.br\/baixada\/wp-json\/wp\/v2\/media\/4766"}],"wp:attachment":[{"href":"https:\/\/hostnetart.com.br\/baixada\/wp-json\/wp\/v2\/media?parent=4767"}],"wp:term":[{"taxonomy":"category","embeddable":true,"href":"https:\/\/hostnetart.com.br\/baixada\/wp-json\/wp\/v2\/categories?post=4767"},{"taxonomy":"post_tag","embeddable":true,"href":"https:\/\/hostnetart.com.br\/baixada\/wp-json\/wp\/v2\/tags?post=4767"}],"curies":[{"name":"wp","href":"https:\/\/api.w.org\/{rel}","templated":true}]}}