{"id":4765,"date":"2018-07-11T13:51:12","date_gmt":"2018-07-11T16:51:12","guid":{"rendered":"https:\/\/hostnetart.com.br\/baixada\/bancarios-protestam-em-todo-o-pais-em-defesa-da-convencao-coletiva\/"},"modified":"2018-07-11T13:51:12","modified_gmt":"2018-07-11T16:51:12","slug":"bancarios-protestam-em-todo-o-pais-em-defesa-da-convencao-coletiva","status":"publish","type":"post","link":"https:\/\/hostnetart.com.br\/baixada\/bancarios-protestam-em-todo-o-pais-em-defesa-da-convencao-coletiva\/","title":{"rendered":"Banc\u00e1rios protestam em todo o pa\u00eds em defesa da Conven\u00e7\u00e3o Coletiva"},"content":{"rendered":"<p>Trabalhadores\u00a0<strong>banc\u00e1rios<\/strong>\u00a0de todo o pa\u00eds realizam atos p\u00fablicos nesta quarta-feira (11) para pressionar os bancos a assinar um pr\u00e9-acordo que garanta a validade da\u00a0Conven\u00e7\u00e3o Coletiva de Trabalho (CCT) durante as negocia\u00e7\u00f5es\u00a0da\u00a0<a class=\"internal-link\" title=\"\" href=\"http:\/\/www.redebrasilatual.com.br\/trabalho\/2018\/06\/bancarios-abrem-campanha-nacional-por-direitos-empregos-e-pelo-brasil\" target=\"_blank\" rel=\"noopener noreferrer\">Campanha Nacional Unificada<\/a>\u00a0da categoria.\u00a0<\/p>\n<p>A dita &#8220;reforma&#8221; trabalhista do governo Temer p\u00f4s fim ao princ\u00edpio da ultratividade, que\u00a0garantia a validade de um acordo coletivo at\u00e9 a assinatura de um novo. Com isso, todas as conquistas previstas na CCT \u2013 como igualdade de sal\u00e1rios em todos o territ\u00f3rio nacional, participa\u00e7\u00e3o nos lucros e resultados (PLR),\u00a0vales refei\u00e7\u00e3o, alimenta\u00e7\u00e3o, regulamenta\u00e7\u00e3o da jornada e outros \u2013 podem deixar de valer\u00a0ap\u00f3s 31 de agosto, quando o acordo atual deixa de valer.\u00a0<\/p>\n<p>O pr\u00e9-acordo de validade da CCT j\u00e1 havia sido apresentado na\u00a0<a class=\"internal-link\" title=\"\" href=\"http:\/\/www.redebrasilatual.com.br\/trabalho\/2018\/06\/primeira-rodada-de-negociacao-frustra-bancarios-e-nao-garante-direitos\" target=\"_blank\" rel=\"noopener noreferrer\">primeira rodada\u00a0<\/a>de negocia\u00e7\u00e3o com os bancos, que n\u00e3o deram resposta sobre o assunto. Nova rodada dever\u00e1 ocorrer nesta quinta-feira (12), e os banc\u00e1rios exigem a preserva\u00e7\u00e3o dos direitos conquistados, como ocorreu em todas as outras negocia\u00e7\u00f5es at\u00e9 aqui.<\/p>\n<p>&#8220;Esperamos que, na segunda rodada, os bancos assinem o pr\u00e9-acordo e apresentem\u00a0um calend\u00e1rio de negocia\u00e7\u00f5es.\u00a0Sem esse pr\u00e9-acordo, todos os direitos previstos na nossa CCT, que s\u00e3o resultado de anos de muita luta da categoria, est\u00e3o em risco&#8221;, diz a presidenta do Sindicato dos Banc\u00e1rios de S\u00e3o Paulo, Osasco e Regi\u00e3o, Ivone Silva.\u00a0<\/p>\n<p>\u201cPor isso, no dia de hoje os banc\u00e1rios promover\u00e3o atos e protestos em todo o pa\u00eds, cobrando dos bancos que assinem o pr\u00e9-acordo. Estamos dispostos a negociar e esperamos o mesmo dos bancos: que demonstrem disposi\u00e7\u00e3o para debater com seriedade a pauta dos banc\u00e1rios na rodada agendada para 12 de julho&#8221;, ressalta a\u00a0presidenta da Confedera\u00e7\u00e3o Nacional dos Trabalhadores do Ramo Financeiro (Contraf-CUT), Juvandia Moreira,\u00a0coordenadora do Comando Nacional dos Banc\u00e1rios.<\/p>\n<p>Ivone, que tamb\u00e9m integra o Comando Nacional,\u00a0lembra que, apesar da crise econ\u00f4mica, os cinco maiores bancos do pa\u00eds registraram lucros somados de R$ 77,4 bilh\u00f5es,\u00a0em 2017,\u00a0com crescimento de 33,5% em rela\u00e7\u00e3o ao ano anterior. S\u00f3 no primeiro trimestre deste ano, os lucros destas empresas j\u00e1 alcan\u00e7aram R$ 20,6 bi. &#8220;Queremos negocia\u00e7\u00e3o com seriedade. Nossa CCT est\u00e1 em risco, assim como todos os direitos da categoria&#8221;, diz a presidenta dos Banc\u00e1rios de S\u00e3o Paulo.<\/p>\n<p>Al\u00e9m do pr\u00e9-acordo, os banc\u00e1rios tamb\u00e9m reivindicam prote\u00e7\u00e3o contra outros dispositivos da &#8220;reforma&#8221; trabalhista, como contratos tempor\u00e1rios, terceiriza\u00e7\u00e3o e a chamada hipersufici\u00eancia, que retira da CCT os trabalhadores que ganham acima de R$ 11.291. A categoria tamb\u00e9m luta por aumento real e na PLR, bem como nos demais direitos, al\u00e9m da garantia dos empregos.\u00a0<\/p>\n<h3>Tuita\u00e7o<\/h3>\n<p>Al\u00e9m dos atos que ocorrer\u00e3o nos locais de trabalho ao longo desta quarta-feira, a popula\u00e7\u00e3o pode ajudar\u00a0os banc\u00e1rios pelas redes sociais utilizando as hastags\u00a0<em>#TodosPelosDireitos<\/em>\u00a0e\u00a0<em>#AssinaFenaban,<\/em>\u00a0para pressionar os bancos a preservar os direitos da categoria.<\/p>\n<p>Com informa\u00e7\u00f5es dos\u00a0<a class=\"external-link\" title=\"\" href=\"http:\/\/spbancarios.com.br\/07\/2018\/bancarios-fazem-atos-nesta-quarta-11-em-defesa-da-cct\" target=\"_blank\" rel=\"noopener noreferrer\">Banc\u00e1rios SP<\/a>\u00a0e\u00a0<a class=\"external-link\" title=\"\" href=\"http:\/\/www.contrafcut.org.br\/noticias\/bancarios-nao-tem-beneficios-tem-direitos-549c\" target=\"_blank\" rel=\"noopener noreferrer\">Contraf-CUT<\/a><\/p>\n","protected":false},"excerpt":{"rendered":"<p>Trabalhadores\u00a0banc\u00e1rios\u00a0de todo o pa\u00eds realizam atos p\u00fablicos nesta quarta-feira (11) para pressionar os bancos a assinar um pr\u00e9-acordo que garanta a validade da\u00a0Conven\u00e7\u00e3o Coletiva de Trabalho (CCT) durante as negocia\u00e7\u00f5es\u00a0da\u00a0Campanha Nacional Unificada\u00a0da categoria.\u00a0 A dita &#8220;reforma&#8221; trabalhista do governo Temer p\u00f4s fim ao princ\u00edpio da ultratividade, que\u00a0garantia a validade de um acordo coletivo at\u00e9 a [&hellip;]<\/p>\n","protected":false},"author":2,"featured_media":4764,"comment_status":"","ping_status":"","sticky":false,"template":"","format":"standard","meta":{"footnotes":""},"categories":[3],"tags":[],"class_list":["post-4765","post","type-post","status-publish","format-standard","has-post-thumbnail","hentry","category-noticias"],"_links":{"self":[{"href":"https:\/\/hostnetart.com.br\/baixada\/wp-json\/wp\/v2\/posts\/4765","targetHints":{"allow":["GET"]}}],"collection":[{"href":"https:\/\/hostnetart.com.br\/baixada\/wp-json\/wp\/v2\/posts"}],"about":[{"href":"https:\/\/hostnetart.com.br\/baixada\/wp-json\/wp\/v2\/types\/post"}],"author":[{"embeddable":true,"href":"https:\/\/hostnetart.com.br\/baixada\/wp-json\/wp\/v2\/users\/2"}],"replies":[{"embeddable":true,"href":"https:\/\/hostnetart.com.br\/baixada\/wp-json\/wp\/v2\/comments?post=4765"}],"version-history":[{"count":0,"href":"https:\/\/hostnetart.com.br\/baixada\/wp-json\/wp\/v2\/posts\/4765\/revisions"}],"wp:featuredmedia":[{"embeddable":true,"href":"https:\/\/hostnetart.com.br\/baixada\/wp-json\/wp\/v2\/media\/4764"}],"wp:attachment":[{"href":"https:\/\/hostnetart.com.br\/baixada\/wp-json\/wp\/v2\/media?parent=4765"}],"wp:term":[{"taxonomy":"category","embeddable":true,"href":"https:\/\/hostnetart.com.br\/baixada\/wp-json\/wp\/v2\/categories?post=4765"},{"taxonomy":"post_tag","embeddable":true,"href":"https:\/\/hostnetart.com.br\/baixada\/wp-json\/wp\/v2\/tags?post=4765"}],"curies":[{"name":"wp","href":"https:\/\/api.w.org\/{rel}","templated":true}]}}