{"id":4753,"date":"2018-07-10T15:48:00","date_gmt":"2018-07-10T18:48:00","guid":{"rendered":"https:\/\/hostnetart.com.br\/baixada\/ldo-deve-manter-verbas-de-saude-e-educacao-impostas-pela-pec-dos-gastos\/"},"modified":"2018-07-10T15:48:00","modified_gmt":"2018-07-10T18:48:00","slug":"ldo-deve-manter-verbas-de-saude-e-educacao-impostas-pela-pec-dos-gastos","status":"publish","type":"post","link":"https:\/\/hostnetart.com.br\/baixada\/ldo-deve-manter-verbas-de-saude-e-educacao-impostas-pela-pec-dos-gastos\/","title":{"rendered":"LDO deve manter verbas de sa\u00fade e educa\u00e7\u00e3o impostas pela PEC dos Gastos"},"content":{"rendered":"<p class=\" \">A Comiss\u00e3o Mista de Or\u00e7amento deve concluir nesta quarta-feira (11) a vota\u00e7\u00e3o da Lei de Diretrizes Or\u00e7ament\u00e1rias (LDO) que estabelece quais ser\u00e3o os gastos da Uni\u00e3o para o pr\u00f3ximo ano. A LDO prev\u00ea, entre outras medidas, o aumento das verbas voltadas para sa\u00fade e educa\u00e7\u00e3o. Mas, para as entidades que participaram da audi\u00eancia p\u00fablica de elabora\u00e7\u00e3o do or\u00e7amento, os investimentos seguir\u00e3o em queda devido a\u00a0<a class=\"internal-link\" title=\"\" href=\"http:\/\/www.redebrasilatual.com.br\/politica\/2018\/04\/movimentos-sociais-lancam-campanha-para-revogar-emenda-do-teto-de-gastos\" target=\"_blank\" rel=\"noopener noreferrer\">emenda do Teto de Gastos<\/a>, em vigor desde janeiro de 2017.<\/p>\n<p class=\" \">Os especialistas entendem que apesar dos investimentos que decorrer\u00e3o do aumento de 10% das emendas parlamentares para a educa\u00e7\u00e3o e da previs\u00e3o de reajuste em 5% de recursos de aten\u00e7\u00e3o b\u00e1sica na sa\u00fade, os estragos feitos pela PEC Teto de Gastos dificilmente ser\u00e3o recuperados se n\u00e3o houver fortes investimentos a curto prazo, que demandam ainda mais do Or\u00e7amento do pa\u00eds, que tem sofrido com a redu\u00e7\u00e3o na produ\u00e7\u00e3o e nos empregos e na consequente queda de arrecada\u00e7\u00e3o.<\/p>\n<p class=\" \">Dentre as solu\u00e7\u00f5es apresentadas para contornar a situa\u00e7\u00e3o, os participantes apostam na realiza\u00e7\u00e3o de uma reforma tribut\u00e1ria como primeiro ato do pr\u00f3ximo governo.<\/p>\n<p class=\" \">&#8220;Agora quem paga mais \u00e9 quem tem mais, e quem paga menos \u00e9 quem tem menos. Uma reforma tribut\u00e1ria solid\u00e1ria e que n\u00e3o eleve a carga tribut\u00e1ria ter\u00e1 efeitos expansionistas sobre a economia, para n\u00e3o dizer tamb\u00e9m de justi\u00e7a social&#8221;, analisa o secret\u00e1rio executivo da Unacom Sindical, Br\u00e1ulio Cerqueira, em reportagem do\u00a0<em>Seu Jornal<\/em>, da\u00a0<strong>TVT.<\/strong><\/p>\n<p class=\" \">\u00a0<\/p>\n<p class=\" \"><strong>FONTE: Rede Brasil Atual<\/strong><\/p>\n","protected":false},"excerpt":{"rendered":"<p>A Comiss\u00e3o Mista de Or\u00e7amento deve concluir nesta quarta-feira (11) a vota\u00e7\u00e3o da Lei de Diretrizes Or\u00e7ament\u00e1rias (LDO) que estabelece quais ser\u00e3o os gastos da Uni\u00e3o para o pr\u00f3ximo ano. A LDO prev\u00ea, entre outras medidas, o aumento das verbas voltadas para sa\u00fade e educa\u00e7\u00e3o. Mas, para as entidades que participaram da audi\u00eancia p\u00fablica de [&hellip;]<\/p>\n","protected":false},"author":2,"featured_media":4752,"comment_status":"","ping_status":"","sticky":false,"template":"","format":"standard","meta":{"footnotes":""},"categories":[3],"tags":[],"class_list":["post-4753","post","type-post","status-publish","format-standard","has-post-thumbnail","hentry","category-noticias"],"_links":{"self":[{"href":"https:\/\/hostnetart.com.br\/baixada\/wp-json\/wp\/v2\/posts\/4753","targetHints":{"allow":["GET"]}}],"collection":[{"href":"https:\/\/hostnetart.com.br\/baixada\/wp-json\/wp\/v2\/posts"}],"about":[{"href":"https:\/\/hostnetart.com.br\/baixada\/wp-json\/wp\/v2\/types\/post"}],"author":[{"embeddable":true,"href":"https:\/\/hostnetart.com.br\/baixada\/wp-json\/wp\/v2\/users\/2"}],"replies":[{"embeddable":true,"href":"https:\/\/hostnetart.com.br\/baixada\/wp-json\/wp\/v2\/comments?post=4753"}],"version-history":[{"count":0,"href":"https:\/\/hostnetart.com.br\/baixada\/wp-json\/wp\/v2\/posts\/4753\/revisions"}],"wp:featuredmedia":[{"embeddable":true,"href":"https:\/\/hostnetart.com.br\/baixada\/wp-json\/wp\/v2\/media\/4752"}],"wp:attachment":[{"href":"https:\/\/hostnetart.com.br\/baixada\/wp-json\/wp\/v2\/media?parent=4753"}],"wp:term":[{"taxonomy":"category","embeddable":true,"href":"https:\/\/hostnetart.com.br\/baixada\/wp-json\/wp\/v2\/categories?post=4753"},{"taxonomy":"post_tag","embeddable":true,"href":"https:\/\/hostnetart.com.br\/baixada\/wp-json\/wp\/v2\/tags?post=4753"}],"curies":[{"name":"wp","href":"https:\/\/api.w.org\/{rel}","templated":true}]}}