{"id":4743,"date":"2018-07-09T18:09:18","date_gmt":"2018-07-09T21:09:18","guid":{"rendered":"https:\/\/hostnetart.com.br\/baixada\/cadastro-aponta-328-areas-contaminadas-no-rj-numero-pode-ser-bem-maior\/"},"modified":"2018-07-09T18:09:18","modified_gmt":"2018-07-09T21:09:18","slug":"cadastro-aponta-328-areas-contaminadas-no-rj-numero-pode-ser-bem-maior","status":"publish","type":"post","link":"https:\/\/hostnetart.com.br\/baixada\/cadastro-aponta-328-areas-contaminadas-no-rj-numero-pode-ser-bem-maior\/","title":{"rendered":"Cadastro aponta 328 \u00e1reas contaminadas no RJ; n\u00famero pode ser bem maior"},"content":{"rendered":"<p>A montanha de res\u00edduos sider\u00fargicos da empresa CSN que <a class=\"internal-link\" title=\"\" href=\"http:\/\/www.redebrasilatual.com.br\/ambiente\/2018\/07\/lixo-quimico-poe-em-risco-o-abastecimento-de-12-milhoes-de-pessoas-no-rio-de-janeiro\" target=\"_blank\" rel=\"noopener noreferrer\">amea\u00e7a a contamina\u00e7\u00e3o do rio Para\u00edba do Sul<\/a>, em Volta Redonda, revela apenas uma face de um problema bem maior. Segundo o Cadastro de \u00c1reas Contaminadas do Rio de Janeiro, elaborado pelo Instituto Estadual do Ambiente (Inea), o estado fluminense tem <a class=\"external-link\" title=\"\" href=\"http:\/\/www.inea.rj.gov.br\/cs\/groups\/public\/@inter_dilam\/documents\/document\/zwew\/mte0\/~edisp\/inea0114620.pdf\" target=\"_blank\" rel=\"noopener noreferrer\">328 \u00e1reas contaminadas e reabilitada<\/a>s.<\/p>\n<p>Na primeira edi\u00e7\u00e3o do cadastro, feito em 2013, o \u00f3rg\u00e3o ligado a Secretaria Estadual do Ambiente (SEA) revelou a exist\u00eancia de 160 \u00e1reas contaminadas e reabilitadas \u2014 \u00e1reas contaminadas que depois de determinado processo de recupera\u00e7\u00e3o t\u00eam restabelecido o n\u00edvel de risco aceit\u00e1vel \u00e0 sa\u00fade humana e o meio ambiente.\u00a0<\/p>\n<p>Em 2014 esse n\u00famero quase dobrou, aumentando de 160 para 270 \u00e1reas contaminadas. No ano seguinte, em 2015, \u00faltimo ano da atualiza\u00e7\u00e3o do cadastro, se atingiu a marca de 328 \u00e1reas contaminadas ou reabilitadas no estado. \u00a0<\/p>\n<p>Entretanto, o <a class=\"external-link\" title=\"\" href=\"https:\/\/www.facebook.com\/BaiaViva123\/?hc_ref=ARR20h9JtQo61JkGgVrdBX5II5cW8e0zSmzVBoOEMheOvr-UD5bzCunYk72OWw8TZMk&amp;fref=nf\" target=\"_blank\" rel=\"noopener noreferrer\">Movimento Ba\u00eda Viva<\/a> alerta que o n\u00famero de \u00e1reas contaminadas no estado do Rio de Janeiro pode chegar a mais de 600 locais, representando grande risco ambiental e \u00e0 sa\u00fade p\u00fablica, incluindo o abastecimento de \u00e1gua e a contamina\u00e7\u00e3o das \u00e1guas subterr\u00e2neas.<\/p>\n<p>De acordo com o ecologista S\u00e9rgio Ricardo, um dos fundadores do Movimento Ba\u00eda Viva e ex-membro do Conselho Estadual de Meio Ambiente (Conema-RJ), estima-se que mais da metade das barragens usadas por mineradoras para depositar rejeitos de minera\u00e7\u00e3o podem ter conex\u00e3o com mananciais do estado do Rio de Janeiro, um cen\u00e1rio similar ao acidente de 2015, causado pela Samarco em Mariana (MG). \u201c\u00c9 uma situa\u00e7\u00e3o que representa um grande risco\u201d, afirma.<\/p>\n<p>Na \u00faltima ter\u00e7a-feira (3), o Movimento Ba\u00eda Viva entrou com uma representa\u00e7\u00e3o no Grupo de Atua\u00e7\u00e3o Especializada em Meio Ambiente (Gaema) do Minist\u00e9rio P\u00fablico Estadual, solicitando a imediata interdi\u00e7\u00e3o da montanha de res\u00edduos produzidos pela CSN, em Volta Redonda, em fun\u00e7\u00e3o do risco de contamina\u00e7\u00e3o do rio Para\u00edba do Sul, o mais importante do estado do Rio de Janeiro.<\/p>\n<p>O documento tamb\u00e9m prop\u00f5e a cria\u00e7\u00e3o de uma for\u00e7a-tarefa, sob a coordena\u00e7\u00e3o da Procuradoria Geral da Rep\u00fablica (PGR) e do Gaema, com o apoio t\u00e9cnico de institui\u00e7\u00f5es cient\u00edficas e universidades p\u00fablicas, para revisar todas as licen\u00e7as ambientais que beneficiaram empreendimentos industriais e imobili\u00e1rios nos \u00faltimos anos. O movimento suspeita da atua\u00e7\u00e3o conivente e omissa de parlamentares e autoridades que exerceram cargos de comando na Secretaria de Estado do Ambiente (SEA).<\/p>\n<p>&#8220;Nossa representa\u00e7\u00e3o traz os elementos t\u00e9cnicos e legais. Depois que a trag\u00e9dia acontecer, n\u00e3o adianta chorar sobre o leite derramado, como foi em Mariana&#8221;, enfatiza o ambientalista S\u00e9rgio Ricardo.\u00a0<\/p>\n<p>\u00a0<\/p>\n<p><strong>Fonte: Rede Brasil Atual<\/strong><\/p>\n","protected":false},"excerpt":{"rendered":"<p>A montanha de res\u00edduos sider\u00fargicos da empresa CSN que amea\u00e7a a contamina\u00e7\u00e3o do rio Para\u00edba do Sul, em Volta Redonda, revela apenas uma face de um problema bem maior. Segundo o Cadastro de \u00c1reas Contaminadas do Rio de Janeiro, elaborado pelo Instituto Estadual do Ambiente (Inea), o estado fluminense tem 328 \u00e1reas contaminadas e reabilitadas. [&hellip;]<\/p>\n","protected":false},"author":2,"featured_media":4742,"comment_status":"","ping_status":"","sticky":false,"template":"","format":"standard","meta":{"footnotes":""},"categories":[3],"tags":[],"class_list":["post-4743","post","type-post","status-publish","format-standard","has-post-thumbnail","hentry","category-noticias"],"_links":{"self":[{"href":"https:\/\/hostnetart.com.br\/baixada\/wp-json\/wp\/v2\/posts\/4743","targetHints":{"allow":["GET"]}}],"collection":[{"href":"https:\/\/hostnetart.com.br\/baixada\/wp-json\/wp\/v2\/posts"}],"about":[{"href":"https:\/\/hostnetart.com.br\/baixada\/wp-json\/wp\/v2\/types\/post"}],"author":[{"embeddable":true,"href":"https:\/\/hostnetart.com.br\/baixada\/wp-json\/wp\/v2\/users\/2"}],"replies":[{"embeddable":true,"href":"https:\/\/hostnetart.com.br\/baixada\/wp-json\/wp\/v2\/comments?post=4743"}],"version-history":[{"count":0,"href":"https:\/\/hostnetart.com.br\/baixada\/wp-json\/wp\/v2\/posts\/4743\/revisions"}],"wp:featuredmedia":[{"embeddable":true,"href":"https:\/\/hostnetart.com.br\/baixada\/wp-json\/wp\/v2\/media\/4742"}],"wp:attachment":[{"href":"https:\/\/hostnetart.com.br\/baixada\/wp-json\/wp\/v2\/media?parent=4743"}],"wp:term":[{"taxonomy":"category","embeddable":true,"href":"https:\/\/hostnetart.com.br\/baixada\/wp-json\/wp\/v2\/categories?post=4743"},{"taxonomy":"post_tag","embeddable":true,"href":"https:\/\/hostnetart.com.br\/baixada\/wp-json\/wp\/v2\/tags?post=4743"}],"curies":[{"name":"wp","href":"https:\/\/api.w.org\/{rel}","templated":true}]}}