{"id":4741,"date":"2018-07-09T18:06:11","date_gmt":"2018-07-09T21:06:11","guid":{"rendered":"https:\/\/hostnetart.com.br\/baixada\/pais-assiste-a-vitoria-do-arbitrio-sobre-a-justica-e-ao-vale-tudo-que-mata-o-direito\/"},"modified":"2018-07-09T18:06:11","modified_gmt":"2018-07-09T21:06:11","slug":"pais-assiste-a-vitoria-do-arbitrio-sobre-a-justica-e-ao-vale-tudo-que-mata-o-direito","status":"publish","type":"post","link":"https:\/\/hostnetart.com.br\/baixada\/pais-assiste-a-vitoria-do-arbitrio-sobre-a-justica-e-ao-vale-tudo-que-mata-o-direito\/","title":{"rendered":"&#8216;Pa\u00eds assiste \u00e0 vit\u00f3ria do arb\u00edtrio sobre a Justi\u00e7a&#8217; e ao &#8216;vale-tudo que mata o Direito&#8217;"},"content":{"rendered":"<p>Em suas redes sociais, o ex-desembargador e professor da Universidade Federal do Rio de Janeiro (UFRJ), Geraldo Prado, falou a respeito da <a class=\"internal-link\" title=\"\" href=\"http:\/\/www.redebrasilatual.com.br\/politica\/2018\/07\/para-jurista-decisao-de-moro-causa-crise-institucional\" target=\"_blank\" rel=\"noopener noreferrer\">conduta do juiz da 13\u00aa Vara Federal, S\u00e9rgio Moro<\/a>, de n\u00e3o cumprir a decis\u00e3o e soltura do ex-presidente Luiz In\u00e1cio Lula da Silva.<\/p>\n<p>&#8220;De of\u00edcio, de f\u00e9rias, n\u00e3o importa. Ele (Moro) \u00e9 o dono dos processos que escolhe julgar e \u00e9 a ele e a nenhuma autoridade mais que a Pol\u00edcia Federal do Paran\u00e1 deve obedi\u00eancia&#8221;, diz Prado.\u00a0Confira abaixo o texto na \u00edntegra.<\/p>\n<p><em>Em duas semanas o juiz S\u00e9rgio Moro desafiou e descumpriu decis\u00f5es do Supremo Tribunal Federal e do TRF 4.<\/em><\/p>\n<p><em>Ampliado o prazo de an\u00e1lise para dois meses \u00e9 poss\u00edvel incluir o TRF 1 na lista dos tribunais cujas decis\u00f5es S\u00e9rgio Moro n\u00e3o acata. <\/em><\/p>\n<p><em>De of\u00edcio, de f\u00e9rias, n\u00e3o importa. Ele \u00e9 o dono dos processos que escolhe julgar e \u00e9 a ele e a nenhuma autoridade mais que a Pol\u00edcia Federal do Paran\u00e1 deve obedi\u00eancia.<\/em><\/p>\n<p><em>O Pa\u00eds assiste inerte &#8211; e muitos ainda festejam &#8211; a vit\u00f3ria do arb\u00edtrio sobre o Direito e a Justi\u00e7a, essa cada vez mais desmoralizada no signo da imparcialidade que haveria de representar.<\/em><\/p>\n<p>\u00a0<\/p>\n<p><em><span class=\"tile-rights\">TVT<\/span> <img fetchpriority=\"high\" decoding=\"async\" class=\" lazyloaded\" title=\"dino.jpg\" src=\"http:\/\/www.redebrasilatual.com.br\/politica\/2018\/07\/o-pais-assiste-inerte-a-vitoria-do-arbitrio-sobre-o-direito-e-a-justica\/dino.jpg\/image\" alt=\"dino.jpg\" width=\"360\" height=\"226\" data-src=\"http:\/\/www.redebrasilatual.com.br\/politica\/2018\/07\/o-pais-assiste-inerte-a-vitoria-do-arbitrio-sobre-o-direito-e-a-justica\/dino.jpg\/image\" \/>Fl\u00e1vio Dino: pa\u00eds \u00e0 beira do vale-tudo<\/em><\/p>\n<p>\u00a0<\/p>\n<p>O governador do Maranh\u00e3o, Fl\u00e1vio Dino, divulgou tamb\u00e9m em seu perfil no Twitter protestos contra a falta de consist\u00eancia e coer\u00eancia jur\u00eddica que tem marcado a rea\u00e7\u00e3o dos ju\u00edzes que operam a Lava Jato com objetivo de manter o ex-presidente Luiz In\u00e1cio Lula da Silva preso. Para Dino, que j\u00e1 atuou como advogado e juiz antes de deixar a magistratura para atuar a vida pol\u00edtica, a permissividade do Judici\u00e1rio perante os abusos do juiz S\u00e9rgio Moro e de seus seguidores no Tribunal Regional Federal da 4\u00aa Regi\u00e3o est\u00e3o fazendo neste domingo afronta o Estado de direito e transforma o rito processual legal em vale-tudo em que prevalece o mais forte e leva \u00e0 morte o Direito. Confira:<\/p>\n<p><em>No tempo em que havia alguma consist\u00eancia e coer\u00eancia no Direito praticado no Brasil, somente \u00f3rg\u00e3o colegiado do TRF 4\u00aa Regi\u00e3o poderia revogar ordem de Habeas Corpus deferida por desembargador. Com a ultrapolitiza\u00e7\u00e3o da Justi\u00e7a, a\u00ed temos esse vale-tudo deplor\u00e1vel.<\/em><\/p>\n<p><em>Nesse mesmo tempo passado, um juiz de 1\u00ba grau n\u00e3o impedia cumprimento de decis\u00e3o de Tribunal de 2\u00ba grau. Qualquer que fosse ela, certa ou errada. Em 28 anos de atua\u00e7\u00e3o profissional jamais vi coisa igual.<\/em><\/p>\n<p><em>Nesse mesmo tempo passado, s\u00f3 havia um desembargador de plant\u00e3o, previamente designado e mediante publica\u00e7\u00e3o antecipada. Agora vale-tudo e prevalece a lei do mais forte, mesmo que isso seja a morte do Direito.<\/em><\/p>\n<p><em>Consequ\u00eancias pol\u00edticas desse amontoado de casu\u00edsmos: baixa credibilidade nas institui\u00e7\u00f5es; quebra da legitimidade do poder do Estado; esvaziamento das elei\u00e7\u00f5es; acirramento dos conflitos sociais. Basta ler as pesquisas de opini\u00e3o para constatar.<\/em><\/p>\n<p>\u00a0<\/p>\n<p><strong>FONTE: REDE BRASIL ATUAL<\/strong><\/p>\n","protected":false},"excerpt":{"rendered":"<p>Em suas redes sociais, o ex-desembargador e professor da Universidade Federal do Rio de Janeiro (UFRJ), Geraldo Prado, falou a respeito da conduta do juiz da 13\u00aa Vara Federal, S\u00e9rgio Moro, de n\u00e3o cumprir a decis\u00e3o e soltura do ex-presidente Luiz In\u00e1cio Lula da Silva. &#8220;De of\u00edcio, de f\u00e9rias, n\u00e3o importa. Ele (Moro) \u00e9 o [&hellip;]<\/p>\n","protected":false},"author":2,"featured_media":4740,"comment_status":"","ping_status":"","sticky":false,"template":"","format":"standard","meta":{"footnotes":""},"categories":[3],"tags":[],"class_list":["post-4741","post","type-post","status-publish","format-standard","has-post-thumbnail","hentry","category-noticias"],"_links":{"self":[{"href":"https:\/\/hostnetart.com.br\/baixada\/wp-json\/wp\/v2\/posts\/4741","targetHints":{"allow":["GET"]}}],"collection":[{"href":"https:\/\/hostnetart.com.br\/baixada\/wp-json\/wp\/v2\/posts"}],"about":[{"href":"https:\/\/hostnetart.com.br\/baixada\/wp-json\/wp\/v2\/types\/post"}],"author":[{"embeddable":true,"href":"https:\/\/hostnetart.com.br\/baixada\/wp-json\/wp\/v2\/users\/2"}],"replies":[{"embeddable":true,"href":"https:\/\/hostnetart.com.br\/baixada\/wp-json\/wp\/v2\/comments?post=4741"}],"version-history":[{"count":0,"href":"https:\/\/hostnetart.com.br\/baixada\/wp-json\/wp\/v2\/posts\/4741\/revisions"}],"wp:featuredmedia":[{"embeddable":true,"href":"https:\/\/hostnetart.com.br\/baixada\/wp-json\/wp\/v2\/media\/4740"}],"wp:attachment":[{"href":"https:\/\/hostnetart.com.br\/baixada\/wp-json\/wp\/v2\/media?parent=4741"}],"wp:term":[{"taxonomy":"category","embeddable":true,"href":"https:\/\/hostnetart.com.br\/baixada\/wp-json\/wp\/v2\/categories?post=4741"},{"taxonomy":"post_tag","embeddable":true,"href":"https:\/\/hostnetart.com.br\/baixada\/wp-json\/wp\/v2\/tags?post=4741"}],"curies":[{"name":"wp","href":"https:\/\/api.w.org\/{rel}","templated":true}]}}