{"id":4737,"date":"2018-07-06T12:58:32","date_gmt":"2018-07-06T15:58:32","guid":{"rendered":"https:\/\/hostnetart.com.br\/baixada\/bancarios-nao-tem-beneficios-tem-direitos\/"},"modified":"2018-07-06T12:58:32","modified_gmt":"2018-07-06T15:58:32","slug":"bancarios-nao-tem-beneficios-tem-direitos","status":"publish","type":"post","link":"https:\/\/hostnetart.com.br\/baixada\/bancarios-nao-tem-beneficios-tem-direitos\/","title":{"rendered":"Banc\u00e1rios n\u00e3o t\u00eam benef\u00edcios, tem direitos!"},"content":{"rendered":"<div id=\"main-content-single\" class=\"normal sizing\">\n<article>\n<div class=\"content\">\n<p>Os direitos dos banc\u00e1rios est\u00e3o em risco. Na primeira rodada de negocia\u00e7\u00e3o da Campanha Nacional Unificada 2018, realizada em 28 de junho, os representantes da federa\u00e7\u00e3o dos bancos (Fenaban) n\u00e3o assinaram o pr\u00e9-acordo de ultratividade que garantiria tudo que est\u00e1 previsto na Conven\u00e7\u00e3o Coletiva de Trabalho (CCT) at\u00e9 a assinatura de um novo acordo.<br \/> Em anos anteriores, esse pr\u00e9-acordo, uma formalidade, vinha sendo assinado no in\u00edcio da negocia\u00e7\u00e3o sem qualquer problema.<br \/> Mas, em 2018, h\u00e1 um agravante: a lei trabalhista p\u00f3s-golpe extinguiu a ultratividade prevista em lei. Assim, sem esse pr\u00e9-acordo, a partir de 31 de agosto os bancos poder\u00e3o deixar de pagar vales refei\u00e7\u00e3o e alimenta\u00e7\u00e3o, aux\u00edlio-creche, plano de sa\u00fade ou contratar com sal\u00e1rios abaixo do piso. A data base da categoria \u00e9 1\u00ba de setembro.<br \/> Esse problema j\u00e1 atinge outras categorias. Vigilantes do Rio de Janeiro n\u00e3o assinaram acordo antes do vencimento da data base. Em algumas empresas, quando os trabalhadores foram usar seus vales-refei\u00e7\u00e3o, constataram que n\u00e3o tinham recebido nenhum valor.<br \/> \u201cPor isso, no dia 11, os banc\u00e1rios promover\u00e3o atos, em todo o pa\u00eds, cobrando dos bancos que assinem o pr\u00e9-acordo. Estamos dispostos a negociar e esperamos o mesmo dos bancos: que demonstrem disposi\u00e7\u00e3o para debater com seriedade a pauta dos banc\u00e1rios na rodada agendada para 12 de julho\u201d, afirma Juvandia Moreira, presidenta da Confedera\u00e7\u00e3o Nacional dos Trabalhadores do Ramo Financeiro (Contraf-CUT) e uma das coordenadoras do Comando.<br \/> \u201cQueremos sair da mesa do dia 12 com um calend\u00e1rio de negocia\u00e7\u00f5es, a exemplo do que sempre fizemos em anos anteriores\u201d, lembra a dirigente. \u201cNossa CCT completa 26\u00a0anos em 2018, foi constru\u00edda na luta e tamb\u00e9m num processo democr\u00e1tico com respeito \u00e0 representa\u00e7\u00e3o dos trabalhadores e dos bancos. E assim queremos que continue sendo.\u201d<br \/> Al\u00e9m do ato no dia 11, os banc\u00e1rios podem participar utilizando #TodosPelosDireitos e #AssinaFenaban para ajudar a pressionar os bancos tamb\u00e9m pelas redes sociais.<br \/> \u00a0<br \/><strong>Setor em franco crescimento\u00a0<\/strong><br \/> Os cinco maiores bancos lucraram R$ 77,4 bilh\u00f5es em 2017, alta de 33,5% num dos piores anos da economia nacional. E 2018 j\u00e1 repete essa trajet\u00f3ria de d\u00e9cadas de crescimento: foram R$ 20,6 bi no primeiro trimestre ou 20,4% mais que o mesmo per\u00edodo do ano anterior.<br \/> Ainda assim, os bancos promovem cortes no seu quadro de funcion\u00e1rios: foram extintos 17.905 postos de trabalho em 2017. De janeiro a maio deste ano 2.675 banc\u00e1rios j\u00e1 ficaram sem seus empregos.<br \/> \u201cGanhando como ganham, m\u00eas a m\u00eas os bancos agravam as tr\u00e1gicas estat\u00edsticas de desemprego no Brasil\u201d, critica Juvandia. \u201cPor tudo isso, banc\u00e1rios e banc\u00e1rias de todo o Brasil definiram como prioridade para a Campanha Nacional Unificada 2018, o respeito a todos os direitos previstos na CCT, garantia dos empregos, a defesa dos bancos e das empresas p\u00fablicas, al\u00e9m de aumento real e PLR maior. Os bancos podem e devem isso aos banc\u00e1rios e \u00e0 sociedade brasileira.\u201d<\/p>\n<\/div>\n<p id=\"page-author\"><span style=\"text-decoration: underline;\"><em><strong>Fonte: Contraf-CUT<\/strong><\/em><\/span><\/p>\n<\/article>\n<div id=\"related-content\" class=\"normal\" style=\"display: block;\" data-tbl=\"news\" data-id=\"549c6e92a1b4a7929776e6a433bc9edf\">\u00a0<\/div>\n<\/div>\n<aside id=\"main-aside-single\" class=\"sizing\"><\/aside>\n","protected":false},"excerpt":{"rendered":"<p>Os direitos dos banc\u00e1rios est\u00e3o em risco. Na primeira rodada de negocia\u00e7\u00e3o da Campanha Nacional Unificada 2018, realizada em 28 de junho, os representantes da federa\u00e7\u00e3o dos bancos (Fenaban) n\u00e3o assinaram o pr\u00e9-acordo de ultratividade que garantiria tudo que est\u00e1 previsto na Conven\u00e7\u00e3o Coletiva de Trabalho (CCT) at\u00e9 a assinatura de um novo acordo. Em [&hellip;]<\/p>\n","protected":false},"author":2,"featured_media":4736,"comment_status":"","ping_status":"","sticky":false,"template":"","format":"standard","meta":{"footnotes":""},"categories":[3],"tags":[],"class_list":["post-4737","post","type-post","status-publish","format-standard","has-post-thumbnail","hentry","category-noticias"],"_links":{"self":[{"href":"https:\/\/hostnetart.com.br\/baixada\/wp-json\/wp\/v2\/posts\/4737","targetHints":{"allow":["GET"]}}],"collection":[{"href":"https:\/\/hostnetart.com.br\/baixada\/wp-json\/wp\/v2\/posts"}],"about":[{"href":"https:\/\/hostnetart.com.br\/baixada\/wp-json\/wp\/v2\/types\/post"}],"author":[{"embeddable":true,"href":"https:\/\/hostnetart.com.br\/baixada\/wp-json\/wp\/v2\/users\/2"}],"replies":[{"embeddable":true,"href":"https:\/\/hostnetart.com.br\/baixada\/wp-json\/wp\/v2\/comments?post=4737"}],"version-history":[{"count":0,"href":"https:\/\/hostnetart.com.br\/baixada\/wp-json\/wp\/v2\/posts\/4737\/revisions"}],"wp:featuredmedia":[{"embeddable":true,"href":"https:\/\/hostnetart.com.br\/baixada\/wp-json\/wp\/v2\/media\/4736"}],"wp:attachment":[{"href":"https:\/\/hostnetart.com.br\/baixada\/wp-json\/wp\/v2\/media?parent=4737"}],"wp:term":[{"taxonomy":"category","embeddable":true,"href":"https:\/\/hostnetart.com.br\/baixada\/wp-json\/wp\/v2\/categories?post=4737"},{"taxonomy":"post_tag","embeddable":true,"href":"https:\/\/hostnetart.com.br\/baixada\/wp-json\/wp\/v2\/tags?post=4737"}],"curies":[{"name":"wp","href":"https:\/\/api.w.org\/{rel}","templated":true}]}}