{"id":4735,"date":"2018-07-06T12:57:28","date_gmt":"2018-07-06T15:57:28","guid":{"rendered":"https:\/\/hostnetart.com.br\/baixada\/meirelles-quer-se-eleger-para-dar-continuidade-ao-golpe\/"},"modified":"2018-07-06T12:57:28","modified_gmt":"2018-07-06T15:57:28","slug":"meirelles-quer-se-eleger-para-dar-continuidade-ao-golpe","status":"publish","type":"post","link":"https:\/\/hostnetart.com.br\/baixada\/meirelles-quer-se-eleger-para-dar-continuidade-ao-golpe\/","title":{"rendered":"Meirelles quer se eleger para dar continuidade ao golpe"},"content":{"rendered":"<div class=\"content\">\n<p>Para o economista Jos\u00e9 M\u00e1rcio Camargo, coordenador do programa econ\u00f4mico de Henrique Meirelles, pr\u00e9-candidato do MDB \u00e0 Presid\u00eancia da Rep\u00fablica, o pa\u00eds precisa privatizar suas mais importantes estatais, como a Petrobras, a Caixa e o Banco do Brasil. A informa\u00e7\u00e3o foi divulgada na quarta-feira (4), em reportagem da ag\u00eancia de not\u00edcias Reuters. O ex-ministro da Fazenda Henrique Meirelles foi presidente do BankBoston e do Banco Central. \u00a0<br \/> Para Camargo, n\u00e3o existem motivos para deixar de privatizar as empresas e se desfazer do patrim\u00f4nio p\u00fablico do pa\u00eds. \u201cNossa discuss\u00e3o tem caminhado no sentido de como, e n\u00e3o se, deve-se privatizar Petrobras, BB e Caixa\u201d, afirmou. \u201cNa hora em que privatiza os bancos p\u00fablicos, simplesmente muda a forma de funcionamento do mercado de cr\u00e9dito&#8221;, defendeu o economista.<br \/> Para a presidenta da Confedera\u00e7\u00e3o Nacional dos Trabalhadores do Ramo Financeiro (Contraf-CUT), Juvandia Moreira, defender que o sistema financeiro promover\u00e1 mudan\u00e7as no mercado de cr\u00e9dito caso os bancos p\u00fablicos sejam privatizados \u00e9 ingenuidade, ou maldade. \u201cN\u00e3o \u00e9 poss\u00edvel acreditar que um economista, coordenador do programa econ\u00f4mico de um candidato \u00e0 Presid\u00eancia da Rep\u00fablica, pense realmente que os bancos privados v\u00e3o reduzir taxas de juros e conceder cr\u00e9dito barato para a infraestrutura, para a habita\u00e7\u00e3o, enfim, para o desenvolvimento do pa\u00eds pelo simples fato de n\u00e3o existirem bancos p\u00fablicos\u201d, afirma. \u201cHoje eles j\u00e1 podem fazer isso, mas n\u00e3o fazem. Eles n\u00e3o t\u00eam interesse em oferecer cr\u00e9dito barato e para pagamento em longo prazo, como fazem a Caixa, o Banco do Brasil, o BNDES e os demais bancos p\u00fablicos regionais e estaduais. Querem ganhar muito e no menor prazo poss\u00edvel.\u201d<br \/> O economista reconheceu, na reportagem da Reuters, que cerca de 60% do cr\u00e9dito no Brasil est\u00e1 nas m\u00e3os de BB, Caixa e do Banco Nacional de Desenvolvimento Econ\u00f4mico e Social (BNDES), que para ele precisa ter seu \u201ctamanho\u201d reduzido e focar sua atua\u00e7\u00e3o apenas na \u201ccorre\u00e7\u00e3o de falhas do mercado\u201d.\u00a0<br \/> Juvandia discorda. \u201cPara corrigir falhas, o BNDES precisa cumprir sua fun\u00e7\u00e3o e fazer justamente o que vinha fazendo durante os governos Lula e Dilma, mas foi for\u00e7ado a \u00a0deixar de fazer com Temer: fomentar o desenvolvimento econ\u00f4mico e social do pa\u00eds oferecendo cr\u00e9dito para que as empresas invistam no setor produtivo e em projetos de infraestrutura\u201d, explica a presidenta da Contraf-CUT. \u201c\u00c9 esse tipo de investimento que cria empregos e melhorias nas condi\u00e7\u00f5es de vida da popula\u00e7\u00e3o.\u201d<br \/> Para Juvandia, o que disse o coordenador do programa do MDB j\u00e1 era de se esperar. \u201cO Meirelles \u00e9 oriundo do sistema financeiro privado e serve aos seus interesses. Al\u00e9m disso, fez parte desse governo golpista que n\u00e3o tem nenhum compromisso com os interesses da classe trabalhadora, nem com o desenvolvimento do Brasil. Est\u00e3o se desfazendo de todo o patrim\u00f4nio p\u00fablico para pagar o golpe financiado por parte da iniciativa privada e grupos estrangeiros que querem explorar cada vez mais os brasileiros.\u201d\u00a0<\/p>\n<p><strong>Desmonte geral<\/strong><br \/> Camargo disse ainda \u00e0 reportagem que, al\u00e9m de privatizar todas as empresas p\u00fablicas, a inten\u00e7\u00e3o de Meirelles \u00e9 \u201celiminar todas as vincula\u00e7\u00f5es or\u00e7ament\u00e1rias e tornar o or\u00e7amento impositivo\u201d para permitir a elimina\u00e7\u00e3o de subs\u00eddios e desonera\u00e7\u00f5es setoriais.<br \/> \u201cEles querem acabar com a obrigatoriedade de o governo aplicar recursos em sa\u00fade, educa\u00e7\u00e3o e previd\u00eancia social, por exemplo. Querem que o governo tenha liberdade para formular o or\u00e7amento como bem entender, ou como os donos do capital financeiro mandarem, como j\u00e1 vem acontecendo e somente ser\u00e1 poss\u00edvel barrar se em outubro elegermos candidatos comprometidos com a classe trabalhadora, com o povo brasileiro\u201d, refor\u00e7a a presidenta da Contraf-CUT.<\/p>\n<p><strong>Dia de Luta<\/strong><br \/> Trabalhadores de todas as categorias realizaram na quinta-feira (5), em todo o pa\u00eds, protestos pelo Dia Nacional de Luta em Defesa das Empresas P\u00fablicas e da Soberania Nacional com o objetivo de lutar contra a privatiza\u00e7\u00e3o do patrim\u00f4nio p\u00fablico.<br \/> Trabalhadores da Caixa, BB, Banco do Nordeste, Embrapa, eletricit\u00e1rios, petroleiros, metrovi\u00e1rios de Minas, al\u00e9m da Contraf-CUT, Fenae, AFBNB, Anabb, Fenag, Anea, CUT, CTB, Intersindical e UGT, realizaram atividades em todo o pa\u00eds para lembrar a import\u00e2ncia das estatais.\u00a0<br \/> \u201cA liminar obtida pela Contraf-CUT e Fenae no STF, impedindo privatiza\u00e7\u00f5es sem a autoriza\u00e7\u00e3o do Legislativo, a suspens\u00e3o do leil\u00e3o da Lotex e das distribuidoras da Petrobras mostram que \u00e9 preciso lutar e que \u00e9 poss\u00edvel vencer neste momento de desmonte do patrim\u00f4nio p\u00fablico\u201d afirmou Rita Serrano, coordenadora do Comit\u00ea Nacional em Defesa das Empresas P\u00fablicas.<\/p>\n<p><strong>Leia tamb\u00e9m:<\/strong><br \/> \u00a0 \u00a0 <strong>&gt;\u00a0<ins><a href=\"http:\/\/www.contrafcut.org.br\/noticias\/bancarios-participam-do-dia-nacional-de-luta-em-defesa-das-empresas-publicas-e-d-e529\" target=\"_blank\" rel=\"noopener noreferrer\">Banc\u00e1rios participam do Dia Nacional de Luta em Defesa das Empresas P\u00fablicas e da Soberania Nacional<\/a><\/ins><\/strong><\/p>\n<\/div>\n<p id=\"page-author\"><span style=\"text-decoration: underline;\"><em><strong>Fonte: Contraf-CUT<\/strong><\/em><\/span><\/p>\n","protected":false},"excerpt":{"rendered":"<p>Para o economista Jos\u00e9 M\u00e1rcio Camargo, coordenador do programa econ\u00f4mico de Henrique Meirelles, pr\u00e9-candidato do MDB \u00e0 Presid\u00eancia da Rep\u00fablica, o pa\u00eds precisa privatizar suas mais importantes estatais, como a Petrobras, a Caixa e o Banco do Brasil. A informa\u00e7\u00e3o foi divulgada na quarta-feira (4), em reportagem da ag\u00eancia de not\u00edcias Reuters. O ex-ministro da [&hellip;]<\/p>\n","protected":false},"author":2,"featured_media":4734,"comment_status":"","ping_status":"","sticky":false,"template":"","format":"standard","meta":{"footnotes":""},"categories":[3],"tags":[],"class_list":["post-4735","post","type-post","status-publish","format-standard","has-post-thumbnail","hentry","category-noticias"],"_links":{"self":[{"href":"https:\/\/hostnetart.com.br\/baixada\/wp-json\/wp\/v2\/posts\/4735","targetHints":{"allow":["GET"]}}],"collection":[{"href":"https:\/\/hostnetart.com.br\/baixada\/wp-json\/wp\/v2\/posts"}],"about":[{"href":"https:\/\/hostnetart.com.br\/baixada\/wp-json\/wp\/v2\/types\/post"}],"author":[{"embeddable":true,"href":"https:\/\/hostnetart.com.br\/baixada\/wp-json\/wp\/v2\/users\/2"}],"replies":[{"embeddable":true,"href":"https:\/\/hostnetart.com.br\/baixada\/wp-json\/wp\/v2\/comments?post=4735"}],"version-history":[{"count":0,"href":"https:\/\/hostnetart.com.br\/baixada\/wp-json\/wp\/v2\/posts\/4735\/revisions"}],"wp:featuredmedia":[{"embeddable":true,"href":"https:\/\/hostnetart.com.br\/baixada\/wp-json\/wp\/v2\/media\/4734"}],"wp:attachment":[{"href":"https:\/\/hostnetart.com.br\/baixada\/wp-json\/wp\/v2\/media?parent=4735"}],"wp:term":[{"taxonomy":"category","embeddable":true,"href":"https:\/\/hostnetart.com.br\/baixada\/wp-json\/wp\/v2\/categories?post=4735"},{"taxonomy":"post_tag","embeddable":true,"href":"https:\/\/hostnetart.com.br\/baixada\/wp-json\/wp\/v2\/tags?post=4735"}],"curies":[{"name":"wp","href":"https:\/\/api.w.org\/{rel}","templated":true}]}}