{"id":4713,"date":"2018-07-04T16:39:03","date_gmt":"2018-07-04T19:39:03","guid":{"rendered":"https:\/\/hostnetart.com.br\/baixada\/novas-regras-dos-planos-de-saude-aumentarao-despesas-dos-consumidores\/"},"modified":"2018-07-04T16:39:03","modified_gmt":"2018-07-04T19:39:03","slug":"novas-regras-dos-planos-de-saude-aumentarao-despesas-dos-consumidores","status":"publish","type":"post","link":"https:\/\/hostnetart.com.br\/baixada\/novas-regras-dos-planos-de-saude-aumentarao-despesas-dos-consumidores\/","title":{"rendered":"Novas regras dos planos de sa\u00fade aumentar\u00e3o despesas dos consumidores"},"content":{"rendered":"<p>As novas regras de\u00a0coparticipa\u00e7\u00e3o e franquia anunciadas pela\u00a0Ag\u00eancia Nacional de Sa\u00fade Suplementar (ANS), as despesas do consumidor com os planos de sa\u00fade devem subir a partir de dezembro deste ano.\u00a0As mudan\u00e7as estabelecem percentual de at\u00e9 40% do valor da mensalidade a ser cobrado pela operadora para a realiza\u00e7\u00e3o de procedimentos e determinam limites mensais e anuais a serem pagos pelo consumidor por <a class=\"internal-link\" title=\"\" href=\"http:\/\/www.redebrasilatual.com.br\/saude\/2018\/04\/ans-quer-autorizar-cobranca-de-franquia-para-planos-de-saude\" target=\"_blank\" rel=\"noopener noreferrer\">coparticipa\u00e7\u00e3o e franquia<\/a>.<\/p>\n<p>Nesta coparticipa\u00e7\u00e3o, o paciente paga uma parte de consultas e exames. Com a nova resolu\u00e7\u00e3o, que entra em vigor em 180 dias e vale s\u00f3 para novos contratos, os pacientes poder\u00e3o ter de pagar at\u00e9 40% do valor dos atendimentos.<\/p>\n<p>J\u00e1 a franquia \u00e9 o valor estabelecido no contrato do <a class=\"internal-link\" title=\"\" href=\"http:\/\/www.redebrasilatual.com.br\/saude\/2018\/04\/federacao-de-planos-de-saude-apresenta-proposta-que-decreta-o-fim-do-sus\" target=\"_blank\" rel=\"noopener noreferrer\">plano de sa\u00fade<\/a> at\u00e9 o qual a operadora n\u00e3o tem <a class=\"internal-link\" title=\"\" href=\"http:\/\/www.redebrasilatual.com.br\/trabalho\/2018\/01\/governo-temer-faz-alteracao-no-plano-de-saude-de-servidores-publios\" target=\"_blank\" rel=\"noopener noreferrer\">responsabilidade de cobertura<\/a>, semelhante a um seguro de carro. Para usar o conv\u00eanio m\u00e9dico, o cliente teria de pagar um valor adicional, al\u00e9m das mensalidades.<\/p>\n<p>As duas modalidades j\u00e1 eram previstas pela legisla\u00e7\u00e3o do setor, mas n\u00e3o havia um limite m\u00e1ximo de cobran\u00e7a estabelecido.\u00a0As novas regras passam a valer a partir de 27 de dezembro.<\/p>\n<p>Ana Carolina Navarrete,\u00a0advogada e pesquisadora em sa\u00fade do Instituto Brasileiro de Defesa do Consumidor (Idec), critica os limites estipulados, que permitem cobrar at\u00e9 o valor de uma mensalidade cheia a mais por m\u00eas em coparticipa\u00e7\u00e3o ou franquia.<\/p>\n<p>&#8220;Isso \u00e9 para o consumidor usar menos o plano. Se voc\u00ea tiver uma franquia de R$ 1 mil, mas a sua despesa \u00e9 de R$ 1.500, a operadora vai pagar apenas os R$ 500, o resto \u00e9 do consumidor. Esse instrumento n\u00e3o \u00e9 adequado para quem tem uso frequente, por isso prejudica o diagn\u00f3stico precoce das doen\u00e7as e sua preven\u00e7\u00e3o&#8221;, explica em entrevista a rep\u00f3rter Nahama Nunes, da\u00a0<strong>R\u00e1dio Brasil Atual<\/strong>.<\/p>\n<p>A partir de dezembro, o valor m\u00e1ximo a ser pago de coparticipa\u00e7\u00e3o e franquia n\u00e3o pode ultrapassar o valor correspondente \u00e0 pr\u00f3pria <a class=\"internal-link\" title=\"\" href=\"http:\/\/www.redebrasilatual.com.br\/saude\/2017\/09\/medicos-de-sao-paulo-repudiam-planos-de-saude-acessiveis\" target=\"_blank\" rel=\"noopener noreferrer\">mensalidade<\/a> ou a 12 mensalidades no ano, o que corresponde ao limite anual.<\/p>\n<p>Maria In\u00eas Dolci, coordenadora institucional da Associa\u00e7\u00e3o Brasileira de Defesa do Consumidor, a <a class=\"external-link\" title=\"\" href=\"https:\/\/www.proteste.org.br\/\" target=\"_blank\" rel=\"noopener noreferrer\">Proteste<\/a>, ressalta que as novas regras poder\u00e3o desestimular o uso do servi\u00e7o e, consequentemente, prejudicar a sa\u00fade do consumidor.<\/p>\n<p>&#8220;A escolha ser\u00e1 do consumidor de pagar uma mensalidade barata, mas quando precisar e n\u00e3o conseguir pagar pela coparticipa\u00e7\u00e3o, ter\u00e1 de se socorrer no Sistema \u00danico de Sa\u00fade (SUS). Ele tem que entender que as regras podem afetar sua sa\u00fade, j\u00e1 que ele n\u00e3o vai conseguir ser atendido por especialistas&#8221;, afirma Maria In\u00eas.<\/p>\n<p>A coordenadora da Proteste demostra preocupa\u00e7\u00e3o com a possibilidade de endividamento dos usu\u00e1rios, uma vez que o consumidor pode n\u00e3o ter condi\u00e7\u00f5es de planejar os custos que ter\u00e1 com a sa\u00fade.<\/p>\n<p>Ana Carolina, do <a class=\"external-link\" title=\"\" href=\"https:\/\/www.idec.org.br\/\" target=\"_blank\" rel=\"noopener noreferrer\">Idec<\/a>, explica que as altera\u00e7\u00f5es s\u00f3 v\u00e3o valer para novos contratos.\u00a0&#8220;Quem tem plano individual n\u00e3o pode sofrer altera\u00e7\u00e3o sem a permiss\u00e3o, mas para quem tem plano coletivo \u00e9 poss\u00edvel que haja a mudan\u00e7a. Para quem vai contratar plano de sa\u00fade, o ideal \u00e9 fazer as contas e ver se vale pagar at\u00e9 duas vezes mais o valor da mensalidade.&#8221;<\/p>\n<p>Nos \u00faltimos dez anos, o n\u00famero de usu\u00e1rios de planos que dividem com a operadora parte das despesas por atendimentos passou de 8 milh\u00f5es para 25 milh\u00f5es<b>.<\/b><\/p>\n<p>Para o comentarista pol\u00edtico da\u00a0<strong><a class=\"external-link\" title=\"\" href=\"https:\/\/www.youtube.com\/watch?v=_YmW9Y23Ftw\" target=\"_blank\" rel=\"noopener noreferrer\">TVT<\/a><\/strong>, Jos\u00e9 Lopez Feij\u00f3o, a medida do governo federal prejudica a popula\u00e7\u00e3o pobre e de classe m\u00e9dia, em nome dos interesses e lucros do setor corporativo.<\/p>\n<p>&#8220;S\u00f3 para se ter uma ideia, os lucros dos planos de sa\u00fade, no \u00faltimo ano sobre os quais se tem estat\u00edsticas, foi por volta de R$ 62 bilh\u00f5es de reais. Mas o governo Temer acha pouco e essas medidas tomadas pela ANS v\u00eam no sentido de engordar ainda mais essa taxa de lucros, em preju\u00edzo da totalidade da popula\u00e7\u00e3o brasileira, que n\u00e3o tem acesso \u00e0 sa\u00fade&#8221;, afirmou.<\/p>\n<p><strong>Fonte: Rede Brasil Atual<\/strong><\/p>\n","protected":false},"excerpt":{"rendered":"<p>As novas regras de\u00a0coparticipa\u00e7\u00e3o e franquia anunciadas pela\u00a0Ag\u00eancia Nacional de Sa\u00fade Suplementar (ANS), as despesas do consumidor com os planos de sa\u00fade devem subir a partir de dezembro deste ano.\u00a0As mudan\u00e7as estabelecem percentual de at\u00e9 40% do valor da mensalidade a ser cobrado pela operadora para a realiza\u00e7\u00e3o de procedimentos e determinam limites mensais e [&hellip;]<\/p>\n","protected":false},"author":2,"featured_media":4712,"comment_status":"","ping_status":"","sticky":false,"template":"","format":"standard","meta":{"footnotes":""},"categories":[3],"tags":[],"class_list":["post-4713","post","type-post","status-publish","format-standard","has-post-thumbnail","hentry","category-noticias"],"_links":{"self":[{"href":"https:\/\/hostnetart.com.br\/baixada\/wp-json\/wp\/v2\/posts\/4713","targetHints":{"allow":["GET"]}}],"collection":[{"href":"https:\/\/hostnetart.com.br\/baixada\/wp-json\/wp\/v2\/posts"}],"about":[{"href":"https:\/\/hostnetart.com.br\/baixada\/wp-json\/wp\/v2\/types\/post"}],"author":[{"embeddable":true,"href":"https:\/\/hostnetart.com.br\/baixada\/wp-json\/wp\/v2\/users\/2"}],"replies":[{"embeddable":true,"href":"https:\/\/hostnetart.com.br\/baixada\/wp-json\/wp\/v2\/comments?post=4713"}],"version-history":[{"count":0,"href":"https:\/\/hostnetart.com.br\/baixada\/wp-json\/wp\/v2\/posts\/4713\/revisions"}],"wp:featuredmedia":[{"embeddable":true,"href":"https:\/\/hostnetart.com.br\/baixada\/wp-json\/wp\/v2\/media\/4712"}],"wp:attachment":[{"href":"https:\/\/hostnetart.com.br\/baixada\/wp-json\/wp\/v2\/media?parent=4713"}],"wp:term":[{"taxonomy":"category","embeddable":true,"href":"https:\/\/hostnetart.com.br\/baixada\/wp-json\/wp\/v2\/categories?post=4713"},{"taxonomy":"post_tag","embeddable":true,"href":"https:\/\/hostnetart.com.br\/baixada\/wp-json\/wp\/v2\/tags?post=4713"}],"curies":[{"name":"wp","href":"https:\/\/api.w.org\/{rel}","templated":true}]}}