{"id":4711,"date":"2018-07-04T16:38:08","date_gmt":"2018-07-04T19:38:08","guid":{"rendered":"https:\/\/hostnetart.com.br\/baixada\/rh-151-entidades-sindicais-participam-de-audiencia-inaugural\/"},"modified":"2018-07-04T16:38:08","modified_gmt":"2018-07-04T19:38:08","slug":"rh-151-entidades-sindicais-participam-de-audiencia-inaugural","status":"publish","type":"post","link":"https:\/\/hostnetart.com.br\/baixada\/rh-151-entidades-sindicais-participam-de-audiencia-inaugural\/","title":{"rendered":"RH 151: entidades sindicais participam de audi\u00eancia inaugural"},"content":{"rendered":"<div class=\"content\">\n<p>Foi realizada nesta ter\u00e7a-feira (3), no Tribunal Regional do Trabalho (TRT) da 10\u00aa Regi\u00e3o, a audi\u00eancia inaugural da a\u00e7\u00e3o impetrada pela Confedera\u00e7\u00e3o Nacional dos Trabalhadores do Ramo Financeiro (Contraf-CUT), que pede a suspens\u00e3o dos efeitos da revoga\u00e7\u00e3o do RH 151 pela Caixa Econ\u00f4mica Federal. Em marco, foi concedida a liminar que mant\u00e9m a incorpora\u00e7\u00e3o de fun\u00e7\u00e3o. A audi\u00eancia de encerramento da instru\u00e7\u00e3o foi marcada para o dia 27 de novembro.<\/p>\n<p>Na concess\u00e3o da liminar, a Justi\u00e7a confirmou o argumento principal da Contraf, de que o RH 151 incorpora o contrato de trabalho dos empregados, devendo ser respeitado. Dessa forma, a Caixa dever\u00e1 aplicar o normativo interno, procedendo a incorpora\u00e7\u00e3o da gratifica\u00e7\u00e3o de fun\u00e7\u00e3o para o empregado quando ele preencher os requisitos previstos.<\/p>\n<p>O RH 151 prev\u00ea a incorpora\u00e7\u00e3o da gratifica\u00e7\u00e3o, quando: a) a dispensa da fun\u00e7\u00e3o gratificada\/cargo comissionado efetivo\/fun\u00e7\u00e3o comissionada, por interesse da administra\u00e7\u00e3o (sem justo motivo); b) o exerc\u00edcio da respectiva fun\u00e7\u00e3o por per\u00edodo maior ou igual a 10 anos. O normativo foi revogado pela dire\u00e7\u00e3o do banco em novembro do ano passado.<\/p>\n<p>Dion\u00edsio Reis, coordenador da Comiss\u00e3o Executiva dos Empregados (CEE\/Caixa) e diretor da Fenae, reiterou que n\u00e3o h\u00e1 amparo legal para acabar com a incorpora\u00e7\u00e3o de fun\u00e7\u00e3o e que no 34\u00ba Conecef os banc\u00e1rios da Caixa firmaram posi\u00e7\u00e3o contr\u00e1ria ao GDP, \u00e0 verticaliza\u00e7\u00e3o e contra o descomissionamento arbitr\u00e1rio e pela garantia da estabilidade remunerat\u00f3ria dos trabalhadores. \u201cO RH 151 integra o nosso contrato de trabalho e essa garantia \u00e9 uma das bandeiras de luta da nossa campanha salarial deste ano. Precisamos nos mobilizar cada vez mais para dizer n\u00e3o a todos os atos do governo para desmontar e enfraquecer a Caixa\u201d, afirma.<\/p>\n<\/div>\n<p id=\"page-author\"><strong>Fonte: Fenae<\/strong><\/p>\n","protected":false},"excerpt":{"rendered":"<p>Foi realizada nesta ter\u00e7a-feira (3), no Tribunal Regional do Trabalho (TRT) da 10\u00aa Regi\u00e3o, a audi\u00eancia inaugural da a\u00e7\u00e3o impetrada pela Confedera\u00e7\u00e3o Nacional dos Trabalhadores do Ramo Financeiro (Contraf-CUT), que pede a suspens\u00e3o dos efeitos da revoga\u00e7\u00e3o do RH 151 pela Caixa Econ\u00f4mica Federal. Em marco, foi concedida a liminar que mant\u00e9m a incorpora\u00e7\u00e3o de [&hellip;]<\/p>\n","protected":false},"author":2,"featured_media":4710,"comment_status":"","ping_status":"","sticky":false,"template":"","format":"standard","meta":{"footnotes":""},"categories":[3],"tags":[],"class_list":["post-4711","post","type-post","status-publish","format-standard","has-post-thumbnail","hentry","category-noticias"],"_links":{"self":[{"href":"https:\/\/hostnetart.com.br\/baixada\/wp-json\/wp\/v2\/posts\/4711","targetHints":{"allow":["GET"]}}],"collection":[{"href":"https:\/\/hostnetart.com.br\/baixada\/wp-json\/wp\/v2\/posts"}],"about":[{"href":"https:\/\/hostnetart.com.br\/baixada\/wp-json\/wp\/v2\/types\/post"}],"author":[{"embeddable":true,"href":"https:\/\/hostnetart.com.br\/baixada\/wp-json\/wp\/v2\/users\/2"}],"replies":[{"embeddable":true,"href":"https:\/\/hostnetart.com.br\/baixada\/wp-json\/wp\/v2\/comments?post=4711"}],"version-history":[{"count":0,"href":"https:\/\/hostnetart.com.br\/baixada\/wp-json\/wp\/v2\/posts\/4711\/revisions"}],"wp:featuredmedia":[{"embeddable":true,"href":"https:\/\/hostnetart.com.br\/baixada\/wp-json\/wp\/v2\/media\/4710"}],"wp:attachment":[{"href":"https:\/\/hostnetart.com.br\/baixada\/wp-json\/wp\/v2\/media?parent=4711"}],"wp:term":[{"taxonomy":"category","embeddable":true,"href":"https:\/\/hostnetart.com.br\/baixada\/wp-json\/wp\/v2\/categories?post=4711"},{"taxonomy":"post_tag","embeddable":true,"href":"https:\/\/hostnetart.com.br\/baixada\/wp-json\/wp\/v2\/tags?post=4711"}],"curies":[{"name":"wp","href":"https:\/\/api.w.org\/{rel}","templated":true}]}}