{"id":4709,"date":"2018-07-04T16:37:32","date_gmt":"2018-07-04T19:37:32","guid":{"rendered":"https:\/\/hostnetart.com.br\/baixada\/trabalhadores-realizam-dia-nacional-em-defesa-das-empresas-publicas\/"},"modified":"2018-07-04T16:37:32","modified_gmt":"2018-07-04T19:37:32","slug":"trabalhadores-realizam-dia-nacional-em-defesa-das-empresas-publicas","status":"publish","type":"post","link":"https:\/\/hostnetart.com.br\/baixada\/trabalhadores-realizam-dia-nacional-em-defesa-das-empresas-publicas\/","title":{"rendered":"Trabalhadores realizam Dia Nacional em Defesa das Empresas P\u00fablicas"},"content":{"rendered":"<div class=\"content\">\n<p>Trabalhadores de todas as categorias se mobilizar\u00e3o, nesta quinta-feira (5), num Dia Nacional de Luta em Defesa das Empresas P\u00fablicas e da Soberania Nacional. O objetivo \u00e9 lutar contra a\u00e7\u00f5es do governo golpista que quer privatizar o patrim\u00f4nio p\u00fablico.<br \/> A data foi definida ap\u00f3s reuni\u00e3o, realizada na sexta-feira (29), do Comit\u00ea Nacional em Defesa das Empresas P\u00fablicas com representantes da Caixa, Banco do Brasil, Banco do Nordeste, Embrapa, eletricit\u00e1rios, petroleiros, metrovi\u00e1rios de Minas, al\u00e9m de representantes de quatro centrais sindicais &#8211; CUT, CTB, Intersindical e UGT e de entidades como Contraf-CUT, Fenae, Anabb, Afbnb, Fenag e Aneac.<br \/> De acordo com a coordenadora do Comit\u00ea e representante dos empregados no Conselho de Administra\u00e7\u00e3o da Caixa, Rita Serrano, a inten\u00e7\u00e3o \u00e9 realizar atividades em todo o pa\u00eds para lembrar a import\u00e2ncia das estatais. \u201cA liminar obtida pela Contraf-CUT e Fenae no STF impedindo privatiza\u00e7\u00f5es sem a autoriza\u00e7\u00e3o do Legislativo, a suspens\u00e3o do leil\u00e3o da Lotex e das distribuidoras da Petrobras mostram que \u00e9 preciso lutar e que \u00e9 poss\u00edvel vencer neste momento de desmonte do patrim\u00f4nio p\u00fablico\u201d afirmou Rita.<br \/> O Comando Nacional dos Banc\u00e1rios tamb\u00e9m aderiu ao dia de luta e realizar\u00e1 um ato em defesa dos bancos p\u00fablicos em S\u00e3o Paulo. Na Pra\u00e7a da S\u00e9, a concentra\u00e7\u00e3o come\u00e7ar\u00e1 \u00e0s 11h, em frente \u00e0 Caixa.<br \/> O coordenador da Comiss\u00e3o Executiva dos Empregados da Caixa (CEE\/Caixa), Dion\u00edsio Reis, convoca todos os trabalhadores para a defesa do patrim\u00f4nio p\u00fablico. \u201cA luta em defesa do nosso patrim\u00f4nio deve continuar. Assim, todos est\u00e3o convocados para mais esse dia nacional de mobiliza\u00e7\u00e3o\u201d, finalizou.<\/p>\n<\/div>\n<p id=\"page-author\"><strong>Fonte: Contraf-CUT com informa\u00e7\u00f5es da Fenae<\/strong><\/p>\n","protected":false},"excerpt":{"rendered":"<p>Trabalhadores de todas as categorias se mobilizar\u00e3o, nesta quinta-feira (5), num Dia Nacional de Luta em Defesa das Empresas P\u00fablicas e da Soberania Nacional. O objetivo \u00e9 lutar contra a\u00e7\u00f5es do governo golpista que quer privatizar o patrim\u00f4nio p\u00fablico. A data foi definida ap\u00f3s reuni\u00e3o, realizada na sexta-feira (29), do Comit\u00ea Nacional em Defesa das [&hellip;]<\/p>\n","protected":false},"author":2,"featured_media":4708,"comment_status":"","ping_status":"","sticky":false,"template":"","format":"standard","meta":{"footnotes":""},"categories":[3],"tags":[],"class_list":["post-4709","post","type-post","status-publish","format-standard","has-post-thumbnail","hentry","category-noticias"],"_links":{"self":[{"href":"https:\/\/hostnetart.com.br\/baixada\/wp-json\/wp\/v2\/posts\/4709","targetHints":{"allow":["GET"]}}],"collection":[{"href":"https:\/\/hostnetart.com.br\/baixada\/wp-json\/wp\/v2\/posts"}],"about":[{"href":"https:\/\/hostnetart.com.br\/baixada\/wp-json\/wp\/v2\/types\/post"}],"author":[{"embeddable":true,"href":"https:\/\/hostnetart.com.br\/baixada\/wp-json\/wp\/v2\/users\/2"}],"replies":[{"embeddable":true,"href":"https:\/\/hostnetart.com.br\/baixada\/wp-json\/wp\/v2\/comments?post=4709"}],"version-history":[{"count":0,"href":"https:\/\/hostnetart.com.br\/baixada\/wp-json\/wp\/v2\/posts\/4709\/revisions"}],"wp:featuredmedia":[{"embeddable":true,"href":"https:\/\/hostnetart.com.br\/baixada\/wp-json\/wp\/v2\/media\/4708"}],"wp:attachment":[{"href":"https:\/\/hostnetart.com.br\/baixada\/wp-json\/wp\/v2\/media?parent=4709"}],"wp:term":[{"taxonomy":"category","embeddable":true,"href":"https:\/\/hostnetart.com.br\/baixada\/wp-json\/wp\/v2\/categories?post=4709"},{"taxonomy":"post_tag","embeddable":true,"href":"https:\/\/hostnetart.com.br\/baixada\/wp-json\/wp\/v2\/tags?post=4709"}],"curies":[{"name":"wp","href":"https:\/\/api.w.org\/{rel}","templated":true}]}}