{"id":4707,"date":"2018-07-03T15:31:51","date_gmt":"2018-07-03T18:31:51","guid":{"rendered":"https:\/\/hostnetart.com.br\/baixada\/durante-a-copa-parlamentares-marcam-contra-o-interesse-nacional\/"},"modified":"2018-07-03T15:31:51","modified_gmt":"2018-07-03T18:31:51","slug":"durante-a-copa-parlamentares-marcam-contra-o-interesse-nacional","status":"publish","type":"post","link":"https:\/\/hostnetart.com.br\/baixada\/durante-a-copa-parlamentares-marcam-contra-o-interesse-nacional\/","title":{"rendered":"Durante a Copa, parlamentares marcam contra o interesse nacional"},"content":{"rendered":"<p>Se a defesa brasileira vem\u00a0<a class=\"internal-link\" title=\"\" href=\"http:\/\/www.redebrasilatual.com.br\/copa-2018\/brasil-vence-mexico-por-2-a-0-e-garante-vaga-nas-quartas-de-final\" target=\"_blank\" rel=\"noopener noreferrer\">mostrando solidez na Copa da R\u00fassia<\/a>, com o time de Tite tendo sofrido apenas um gol desde o in\u00edcio do torneio, fora de campo os advers\u00e1rios t\u00eam tirado proveito para marcar contra o\u00a0<strong>interesse nacional<\/strong>, no momento em que as aten\u00e7\u00f5es se voltam para a busca do hexacampeonato de futebol.\u00a0<\/p>\n<p>Tr\u00eas dias ap\u00f3s a estreia do Brasil, um\u00a0<a class=\"internal-link\" title=\"\" href=\"http:\/\/www.redebrasilatual.com.br\/copa-2018\/para-tite-ansiedade-atrapalhou-jogadores-do-brasil\" target=\"_blank\" rel=\"noopener noreferrer\">empate em 1 a 1 contra a Su\u00ed\u00e7a<\/a>, o primeiro gol contra: por\u00a0<a class=\"internal-link\" title=\"\" href=\"http:\/\/www.redebrasilatual.com.br\/economia\/2018\/06\/camara-aprova-projeto-que-tira-parte-do-pre-sal-da-petrobras\" target=\"_blank\" rel=\"noopener noreferrer\">217 votos a favor e 57 contra<\/a>, a C\u00e2mara dos Deputados aprovou, na noite do dia 20 de junho, projeto de lei que, na pr\u00e1tica, possibilita que a\u00a0Petrobras repasse a empresas petrol\u00edferas estrangeiras a explora\u00e7\u00e3o de imensas \u00e1reas do pr\u00e9-sal na Bacia de Santos.\u00a0Ainda h\u00e1 espa\u00e7o para rea\u00e7\u00e3o, quando o projeto for apreciado pelo Senado.\u00a0<\/p>\n<p>No campo do agroneg\u00f3cio, onde o esquema t\u00e1tico tamb\u00e9m atende aos interesses das grandes empresas internacionais, o time dos ruralistas entrou em campo na semana seguinte.<\/p>\n<p>Em jogo tenso que se arrastou por mais de nove horas, a bancada ruralista conseguiu aprovar, por\u00a018 votos a favor e 9 contra, o chamado\u00a0<a class=\"internal-link\" title=\"\" href=\"http:\/\/www.redebrasilatual.com.br\/saude\/2018\/06\/pacote-do-veneno-e-aprovado-em-comissao-e-vai-a-plenario-da-camara\" target=\"_blank\" rel=\"noopener noreferrer\">Pacote do Veneno<\/a>, no \u00faltimo dia 25. O conjunto de medidas revoga a atual Lei dos Agrot\u00f3xicos.\u00a0Se o placar n\u00e3o for revertido, em vota\u00e7\u00e3o no plen\u00e1rio, o time e a torcida brasileiras podem parar no departamento m\u00e9dico.<\/p>\n<p>Dois dias depois, a Ag\u00eancia Nacional de Sa\u00fade Suplementar (ANS) autorizou reajuste de at\u00e9 10% para planos de sa\u00fade familiares e individuais, ante a uma infla\u00e7\u00e3o anual de\u00a02,71% medida pelo\u00a0\u00cdndice de Pre\u00e7os ao Consumidor Amplo (IPCA) do IBGE.\u00a0<\/p>\n<p>Ainda em meio a esses dois tentos importantes marcados pelos advers\u00e1rios, o jogo do mercado de trabalho segue &#8220;no zero&#8221;, com gosto de derrota para o time dos trabalhadores. A varia\u00e7\u00e3o do n\u00edvel do emprego divulgada em junho, com dados do m\u00eas anterior, ficou positiva em\u00a0<a class=\"internal-link\" title=\"\" href=\"http:\/\/www.redebrasilatual.com.br\/economia\/2018\/06\/mercado-formal-abre-so-33-mil-vagas-em-maio-10-intermitentes\" target=\"_blank\" rel=\"noopener noreferrer\">\u00ednfimos 0,09%<\/a>. Contudo, pelo menos um d\u00e9cimo das vagas criadas se enquadra na modalidade intermitente, com menor prote\u00e7\u00e3o, e os trabalhadores est\u00e3o sendo contratados com sal\u00e1rios menores que os dos demitidos.<\/p>\n<p>Por outro lado, a Justi\u00e7a, que deveria coibir eventuais abusos dentro de campo, tem manobrado para interferir diretamente no resultado da partida. Enquanto o Brasil ainda comemorava a\u00a0<a class=\"internal-link\" title=\"\" href=\"http:\/\/www.redebrasilatual.com.br\/copa-2018\/brasil-vence-a-costa-rica-por-2-a-0-nos-acrescimos-e-encaminha-classificacao\" target=\"_blank\" rel=\"noopener noreferrer\">primeira vit\u00f3ria<\/a>no Mundial contra a Costa Rica, o ministro do Supremo Tribunal Federal (STF) Edson Fachin mandou arquivar\u00a0<a class=\"internal-link\" title=\"\" href=\"http:\/\/www.redebrasilatual.com.br\/politica\/2018\/06\/fachin-arquiva-inquerito-que-relaciona-temer-documento-apreendido-com-ciro-nogueira\" target=\"_blank\" rel=\"noopener noreferrer\">den\u00fancia envolvendo Michel Temer<\/a>\u00a0(MDB) e, de quebra, tamb\u00e9m enviou ao Plen\u00e1rio pedido de liberdade do ex-presidente\u00a0<a class=\"internal-link\" title=\"\" href=\"http:\/\/www.redebrasilatual.com.br\/politica\/2018\/06\/fachin-libera-recurso-de-lula-ao-plenario-do-stf\" target=\"_blank\" rel=\"noopener noreferrer\">Luiz In\u00e1cio Lula da Silva<\/a>, para evitar vit\u00f3ria que se anunciava caso o recurso fosse julgado pela Segunda Turma.<\/p>\n<h3>De honra<\/h3>\n<p>O gol de honra em nome do interesse nacional foi marcado na semana passada, com a decis\u00e3o liminar do ministro do STF, Ricardo Lewandowski, proibindo a privatiza\u00e7\u00e3o de empresas estatais sem o aval do Congresso Nacional. O lance que deu origem ao gol come\u00e7ou com uma a\u00e7\u00e3o movida\u00a0pela\u00a0<a class=\"external-link\" title=\"\" href=\"https:\/\/www.fenae.org.br\/portal\/fenae-portal\/noticias\/ministro-lewandowski-do-stf-proibe-privatizacao-de-estatais-sem-autorizacao-do-legislativo.htm\" target=\"_blank\" rel=\"noopener noreferrer\">Fenae\u00a0<\/a>e pela Contraf-CUT, que\u00a0<a class=\"internal-link\" title=\"\" href=\"http:\/\/www.redebrasilatual.com.br\/economia\/2018\/06\/sindicalistas-comemoram-decisao-que-impede-privatizacoes-sem-aval-do-congresso\" target=\"_blank\" rel=\"noopener noreferrer\">comemoraram<\/a>. Contudo, o tema merece aten\u00e7\u00e3o, porque ainda depende de decis\u00e3o definitiva dos ju\u00edzes do Supremo.<\/p>\n<p>\u00a0<\/p>\n<p><strong>FONTE: Rede Brasil Atual<\/strong><\/p>\n","protected":false},"excerpt":{"rendered":"<p>Se a defesa brasileira vem\u00a0mostrando solidez na Copa da R\u00fassia, com o time de Tite tendo sofrido apenas um gol desde o in\u00edcio do torneio, fora de campo os advers\u00e1rios t\u00eam tirado proveito para marcar contra o\u00a0interesse nacional, no momento em que as aten\u00e7\u00f5es se voltam para a busca do hexacampeonato de futebol.\u00a0 Tr\u00eas dias [&hellip;]<\/p>\n","protected":false},"author":2,"featured_media":4706,"comment_status":"","ping_status":"","sticky":false,"template":"","format":"standard","meta":{"footnotes":""},"categories":[3],"tags":[],"class_list":["post-4707","post","type-post","status-publish","format-standard","has-post-thumbnail","hentry","category-noticias"],"_links":{"self":[{"href":"https:\/\/hostnetart.com.br\/baixada\/wp-json\/wp\/v2\/posts\/4707","targetHints":{"allow":["GET"]}}],"collection":[{"href":"https:\/\/hostnetart.com.br\/baixada\/wp-json\/wp\/v2\/posts"}],"about":[{"href":"https:\/\/hostnetart.com.br\/baixada\/wp-json\/wp\/v2\/types\/post"}],"author":[{"embeddable":true,"href":"https:\/\/hostnetart.com.br\/baixada\/wp-json\/wp\/v2\/users\/2"}],"replies":[{"embeddable":true,"href":"https:\/\/hostnetart.com.br\/baixada\/wp-json\/wp\/v2\/comments?post=4707"}],"version-history":[{"count":0,"href":"https:\/\/hostnetart.com.br\/baixada\/wp-json\/wp\/v2\/posts\/4707\/revisions"}],"wp:featuredmedia":[{"embeddable":true,"href":"https:\/\/hostnetart.com.br\/baixada\/wp-json\/wp\/v2\/media\/4706"}],"wp:attachment":[{"href":"https:\/\/hostnetart.com.br\/baixada\/wp-json\/wp\/v2\/media?parent=4707"}],"wp:term":[{"taxonomy":"category","embeddable":true,"href":"https:\/\/hostnetart.com.br\/baixada\/wp-json\/wp\/v2\/categories?post=4707"},{"taxonomy":"post_tag","embeddable":true,"href":"https:\/\/hostnetart.com.br\/baixada\/wp-json\/wp\/v2\/tags?post=4707"}],"curies":[{"name":"wp","href":"https:\/\/api.w.org\/{rel}","templated":true}]}}