{"id":4705,"date":"2018-07-03T15:25:38","date_gmt":"2018-07-03T18:25:38","guid":{"rendered":"https:\/\/hostnetart.com.br\/baixada\/heranca-a-ser-deixada-por-temer-e-um-desastre-nacional\/"},"modified":"2018-07-03T15:25:38","modified_gmt":"2018-07-03T18:25:38","slug":"heranca-a-ser-deixada-por-temer-e-um-desastre-nacional","status":"publish","type":"post","link":"https:\/\/hostnetart.com.br\/baixada\/heranca-a-ser-deixada-por-temer-e-um-desastre-nacional\/","title":{"rendered":"Heran\u00e7a a ser deixada por Temer \u00e9 um desastre nacional"},"content":{"rendered":"<p>Ap\u00f3s dois anos de governo, Temer j\u00e1 antecipa a heran\u00e7a que ficar\u00e1 para a pr\u00f3xima administra\u00e7\u00e3o federal a ser iniciada em janeiro de 2019: o\u00a0<a class=\"internal-link\" title=\"\" href=\"http:\/\/www.redebrasilatual.com.br\/blogs\/blog-na-rede\/2018\/06\/neoliberalismo-de-temer-desmonta-a-industria-nacional\" target=\"_blank\" rel=\"noopener noreferrer\">empobrecimento do setor produtivo nacional<\/a>. A situa\u00e7\u00e3o n\u00e3o se encontra ainda mais grave devido \u00e0 pol\u00edtica econ\u00f4mica anteriormente conduzida pelos governos liderados pelo PT, como uma esp\u00e9cie de \u201ccolch\u00e3o de prote\u00e7\u00e3o\u201d protagonizado pelas reservas externas em mais de 370 bilh\u00f5es de d\u00f3lares.<\/p>\n<p>Sem isso o Brasil estaria caminhando pela \u201chora da morte\u201d, conforme atualmente ocorre na economia da Argentina. Depois de mais de dois anos do governo Macri apostando no receitu\u00e1rio neoliberal, cujo corte nos gastos p\u00fablicos elevou a taxa de pobreza a mais de um quarto da popula\u00e7\u00e3o, trouxe de volta a fuga de d\u00f3lares, a infla\u00e7\u00e3o e o desespero de ter que\u00a0<a class=\"internal-link\" title=\"\" href=\"http:\/\/www.redebrasilatual.com.br\/economia\/2018\/04\/para-professor-da-unicamp-fmi-tem-visao-visao-crista-medieval-sobre-economia\" target=\"_blank\" rel=\"noopener noreferrer\">recorrer ao FMI<\/a>, sobrando maior des\u00e2nimo \u00e0 sustenta\u00e7\u00e3o do crescimento econ\u00f4mico.<\/p>\n<p>O Brasil tamb\u00e9m enfrenta problemas equivalentes, cujos resultados n\u00e3o s\u00e3o t\u00e3o dram\u00e1ticos em fun\u00e7\u00e3o de o Banco Central poder dispor de amplas reservas internacionais para ofertar moeda estadunidense em quantidade mais do que suficiente para evitar corrida intensa contra o real. Mas isso n\u00e3o alivia, contudo, a problem\u00e1tica do setor produtivo, ap\u00f3s a divulga\u00e7\u00e3o pelo IBGE da Pesquisa Industrial Anual (PIA) referente ao ano de 2016.<\/p>\n<p>Diante da investiga\u00e7\u00e3o de 3,4 mil produtos das empresas industriais com 30 ou mais pessoas ocupadas, constata-se que o sistema produtivo brasileiro teve como principal receita de vendas, o \u00f3leo diesel, os \u00f3leos brutos de petr\u00f3leo, o \u00e1lcool et\u00edlico desnaturado para fins carburantes e as carnes frescas ou refrigeradas. Na dimens\u00e3o das grandes regi\u00f5es, percebe-se que no Nordeste prevalece o \u00f3leo diesel como sendo o principal produto industrial vendido, enquanto a regi\u00e3o Norte destaca-se com as vendas da \u00a0produ\u00e7\u00e3o de min\u00e9rio de ferro.<\/p>\n<p>Para as regi\u00f5es Centro Oeste e Sul, a carne foi a principal receita obtida entre as vendas de toda a produ\u00e7\u00e3o industrial. As carnes de bovinos frescas ou refrigeradas destacaram-se na regi\u00e3o Centro Oeste, ao passo que no Sul, os mais importantes produtos industriais vendidos foram as carnes e miudezas de aves congeladas.<\/p>\n<p>O empobrecimento das cadeias industriais \u00e9 vis\u00edvel, resultando da aplica\u00e7\u00e3o cont\u00ednua de uma\u00a0<a class=\"internal-link\" title=\"\" href=\"http:\/\/www.redebrasilatual.com.br\/blogs\/blog-na-rede\/2018\/04\/trabalho-sob-o-neoliberalismo\" target=\"_blank\" rel=\"noopener noreferrer\">pol\u00edtica neoliberal que levou \u00e0 recess\u00e3o<\/a>\u00a0e segue se mostrando incapaz de fazer com que o Brasil volte a crescer de forma sustentada. Somente no ano de 2016, por exemplo, os principais produtos industriais que deca\u00edram de import\u00e2ncia foram a massa de concreto para constru\u00e7\u00e3o civil, os computadores pessoais port\u00e1teis, os caminh\u00f5es e os medicamentos.<\/p>\n<p>Em s\u00edntese, a ind\u00fastria nacional se empobrece cada vez mais ao se especializar em produtos com menor valor agregado, fortemente associado a recursos naturais dispon\u00edveis e ao custo rebaixado da for\u00e7a de trabalho. Com isso, o mercado interno esvazia o seu potencial de expans\u00e3o, sendo cada vez mais atendido pela importa\u00e7\u00e3o de produtos com maior valor agregado e elevado conte\u00fado tecnol\u00f3gico.<\/p>\n<p>O avan\u00e7o acelerado do\u00a0<a class=\"internal-link\" title=\"\" href=\"http:\/\/www.redebrasilatual.com.br\/economia\/2017\/08\/para-belluzzo-meirelles-e-e-primario-e-so-um-simbolo-que-o-mercado-inventou\" target=\"_blank\" rel=\"noopener noreferrer\">processo de desindustrializa\u00e7\u00e3<\/a>o no Brasil resulta de erros de v\u00e1rias pol\u00edticas governamentais, mas fundamentalmente do neoliberalismo que parte do conceito de que o setor produtivo depende espontaneamente de sua pr\u00f3pria capacidade de competir no mundo onde as medidas de prote\u00e7\u00e3o nacional s\u00e3o cada vez maiores. O desastre nacional se acentua, j\u00e1 antecipado como principal heran\u00e7a do governo Temer ao pr\u00f3ximo governo a ser eleito em outubro vindouro.<\/p>\n<p><span class=\"discreet\"><em>Marcio Pochmann \u00e9 professor do Instituto de Economia e pesquisador do Centro de Estudos Sindicais e de Economia do Trabalho, ambos da Universidade Estadual de Campinas.<\/em><\/span><\/p>\n","protected":false},"excerpt":{"rendered":"<p>Ap\u00f3s dois anos de governo, Temer j\u00e1 antecipa a heran\u00e7a que ficar\u00e1 para a pr\u00f3xima administra\u00e7\u00e3o federal a ser iniciada em janeiro de 2019: o\u00a0empobrecimento do setor produtivo nacional. A situa\u00e7\u00e3o n\u00e3o se encontra ainda mais grave devido \u00e0 pol\u00edtica econ\u00f4mica anteriormente conduzida pelos governos liderados pelo PT, como uma esp\u00e9cie de \u201ccolch\u00e3o de prote\u00e7\u00e3o\u201d [&hellip;]<\/p>\n","protected":false},"author":2,"featured_media":4704,"comment_status":"","ping_status":"","sticky":false,"template":"","format":"standard","meta":{"footnotes":""},"categories":[3],"tags":[],"class_list":["post-4705","post","type-post","status-publish","format-standard","has-post-thumbnail","hentry","category-noticias"],"_links":{"self":[{"href":"https:\/\/hostnetart.com.br\/baixada\/wp-json\/wp\/v2\/posts\/4705","targetHints":{"allow":["GET"]}}],"collection":[{"href":"https:\/\/hostnetart.com.br\/baixada\/wp-json\/wp\/v2\/posts"}],"about":[{"href":"https:\/\/hostnetart.com.br\/baixada\/wp-json\/wp\/v2\/types\/post"}],"author":[{"embeddable":true,"href":"https:\/\/hostnetart.com.br\/baixada\/wp-json\/wp\/v2\/users\/2"}],"replies":[{"embeddable":true,"href":"https:\/\/hostnetart.com.br\/baixada\/wp-json\/wp\/v2\/comments?post=4705"}],"version-history":[{"count":0,"href":"https:\/\/hostnetart.com.br\/baixada\/wp-json\/wp\/v2\/posts\/4705\/revisions"}],"wp:featuredmedia":[{"embeddable":true,"href":"https:\/\/hostnetart.com.br\/baixada\/wp-json\/wp\/v2\/media\/4704"}],"wp:attachment":[{"href":"https:\/\/hostnetart.com.br\/baixada\/wp-json\/wp\/v2\/media?parent=4705"}],"wp:term":[{"taxonomy":"category","embeddable":true,"href":"https:\/\/hostnetart.com.br\/baixada\/wp-json\/wp\/v2\/categories?post=4705"},{"taxonomy":"post_tag","embeddable":true,"href":"https:\/\/hostnetart.com.br\/baixada\/wp-json\/wp\/v2\/tags?post=4705"}],"curies":[{"name":"wp","href":"https:\/\/api.w.org\/{rel}","templated":true}]}}