{"id":4691,"date":"2018-07-02T12:34:17","date_gmt":"2018-07-02T15:34:17","guid":{"rendered":"https:\/\/hostnetart.com.br\/baixada\/primeira-mesa-de-negociacao-da-caixa-com-a-fenaban-acontece-no-dia-13-de-julho\/"},"modified":"2018-07-02T12:34:17","modified_gmt":"2018-07-02T15:34:17","slug":"primeira-mesa-de-negociacao-da-caixa-com-a-fenaban-acontece-no-dia-13-de-julho","status":"publish","type":"post","link":"https:\/\/hostnetart.com.br\/baixada\/primeira-mesa-de-negociacao-da-caixa-com-a-fenaban-acontece-no-dia-13-de-julho\/","title":{"rendered":"Primeira mesa de negocia\u00e7\u00e3o da Caixa com a Fenaban acontece no dia 13 de julho"},"content":{"rendered":"<div class=\"content\">\n<p>A primeira rodada de negocia\u00e7\u00e3o espec\u00edfica com a Caixa Econ\u00f4mica Federal para a Campanha Nacional dos Banc\u00e1rios 2018 ser\u00e1 realizada na sexta-feira (13), em S\u00e3o Paulo. \u00a0A minuta de reivindica\u00e7\u00f5es dos trabalhadores foi entregue \u00e0 Federa\u00e7\u00e3o Nacional dos Bancos (Fenaban) no dia 13 de junho pelo Comando Nacional.<\/p>\n<p>A pauta espec\u00edfica dos empregados da Caixa foi constru\u00edda ao longo de v\u00e1rios meses, com reuni\u00f5es nos locais de trabalho, assembleias e encontros regionais, sendo consolidada no\u00a034\u00ba Congresso Nacional dos Empregados da Caixa Econ\u00f4mica Federal, realizado nos dias 7 e 8 de junho.\u00a0\u00a0<\/p>\n<p>Dentre os temas a serem debatidos na primeira reuni\u00e3o, est\u00e1 a quest\u00e3o da assinatura do pr\u00e9-acordo com a garantia da ultratividade. Para a representante da Contraf-CUT na Comiss\u00e3o dos Empregados da Caixa, Fabiana Uehara, j\u00e1 estava mais do que na hora de come\u00e7arem as negocia\u00e7\u00f5es. \u201cEsperamos que nessa mesa tenhamos a boa vontade dos representantes da Caixa em negociar sem retrocessos. N\u00f3s, os empregados, estamos mobilizados por nenhum direito a menos. Todos por tudo\u201d, afirmou.<\/p>\n<p>\u00a0<\/p>\n<\/div>\n<p id=\"page-author\"><strong>Fonte: Contraf-CUT<\/strong><\/p>\n","protected":false},"excerpt":{"rendered":"<p>A primeira rodada de negocia\u00e7\u00e3o espec\u00edfica com a Caixa Econ\u00f4mica Federal para a Campanha Nacional dos Banc\u00e1rios 2018 ser\u00e1 realizada na sexta-feira (13), em S\u00e3o Paulo. \u00a0A minuta de reivindica\u00e7\u00f5es dos trabalhadores foi entregue \u00e0 Federa\u00e7\u00e3o Nacional dos Bancos (Fenaban) no dia 13 de junho pelo Comando Nacional. A pauta espec\u00edfica dos empregados da Caixa [&hellip;]<\/p>\n","protected":false},"author":2,"featured_media":4690,"comment_status":"","ping_status":"","sticky":false,"template":"","format":"standard","meta":{"footnotes":""},"categories":[3],"tags":[],"class_list":["post-4691","post","type-post","status-publish","format-standard","has-post-thumbnail","hentry","category-noticias"],"_links":{"self":[{"href":"https:\/\/hostnetart.com.br\/baixada\/wp-json\/wp\/v2\/posts\/4691","targetHints":{"allow":["GET"]}}],"collection":[{"href":"https:\/\/hostnetart.com.br\/baixada\/wp-json\/wp\/v2\/posts"}],"about":[{"href":"https:\/\/hostnetart.com.br\/baixada\/wp-json\/wp\/v2\/types\/post"}],"author":[{"embeddable":true,"href":"https:\/\/hostnetart.com.br\/baixada\/wp-json\/wp\/v2\/users\/2"}],"replies":[{"embeddable":true,"href":"https:\/\/hostnetart.com.br\/baixada\/wp-json\/wp\/v2\/comments?post=4691"}],"version-history":[{"count":0,"href":"https:\/\/hostnetart.com.br\/baixada\/wp-json\/wp\/v2\/posts\/4691\/revisions"}],"wp:featuredmedia":[{"embeddable":true,"href":"https:\/\/hostnetart.com.br\/baixada\/wp-json\/wp\/v2\/media\/4690"}],"wp:attachment":[{"href":"https:\/\/hostnetart.com.br\/baixada\/wp-json\/wp\/v2\/media?parent=4691"}],"wp:term":[{"taxonomy":"category","embeddable":true,"href":"https:\/\/hostnetart.com.br\/baixada\/wp-json\/wp\/v2\/categories?post=4691"},{"taxonomy":"post_tag","embeddable":true,"href":"https:\/\/hostnetart.com.br\/baixada\/wp-json\/wp\/v2\/tags?post=4691"}],"curies":[{"name":"wp","href":"https:\/\/api.w.org\/{rel}","templated":true}]}}