{"id":4689,"date":"2018-07-02T12:33:34","date_gmt":"2018-07-02T15:33:34","guid":{"rendered":"https:\/\/hostnetart.com.br\/baixada\/itau-tera-de-reintegrar-funcionaria-afastada-por-auxilio-doenca\/"},"modified":"2018-07-02T12:33:34","modified_gmt":"2018-07-02T15:33:34","slug":"itau-tera-de-reintegrar-funcionaria-afastada-por-auxilio-doenca","status":"publish","type":"post","link":"https:\/\/hostnetart.com.br\/baixada\/itau-tera-de-reintegrar-funcionaria-afastada-por-auxilio-doenca\/","title":{"rendered":"Ita\u00fa ter\u00e1 de reintegrar funcion\u00e1ria afastada por aux\u00edlio doen\u00e7a"},"content":{"rendered":"<div class=\"content\">\n<p>Mais uma injusti\u00e7a foi reparada com a reintegra\u00e7\u00e3o\u00a0de uma funcion\u00e1ria \u00e0s suas fun\u00e7\u00f5es no Banco Ita\u00fa, em Angra dos Reis. Demitida em 13 de abril, a banc\u00e1ria\u00a0obteve aux\u00edlio doen\u00e7a acident\u00e1rio em raz\u00e3o do diagn\u00f3stico de tenossinovite e outras les\u00f5es por esfor\u00e7o repetitivo.<\/p>\n<p>De acordo com ac\u00f3rd\u00e3o\u00a0o TRT 1\u00aa Regi\u00e3o, diante da doen\u00e7a ocupacional e da concess\u00e3o do Benef\u00edcio Acident\u00e1rio, a dispensa\u00a0 n\u00e3o poderia ter sido consumada. &#8220;Ponderando-se os interesses em conflito, verifica-se de um lado a necessidade de prote\u00e7\u00e3o ao emprego da trabalhadora que porta doen\u00e7a ocupacional e que trabalhou para a empresa por quase 20 anos; de outro, o empregador que quer apenas exercitar o direito protestativo de romper o contrato de trabalho. Ora, as empresas n\u00e3o podem se despir de sua fun\u00e7\u00e3o social, demitindo seus empregados porque simplesmente adoeceram e n\u00e3o mais podem produzir como antes. Tal conduta, no presente caso, at\u00e9 mesmo atrapalha o tratamento m\u00e9dico&#8221;, constou.\u00a0<\/p>\n<p>Para o dirigente do Seeb de Angra dos Reis, a\u00a0disposi\u00e7\u00e3o de luta da banc\u00e1ria junto com os diretores do departamento jur\u00eddico do sindicato e com o advogadocom certeza foram fatores fundamentais para essa vit\u00f3ria.\u00a0\u201cA not\u00edcia da reintegra\u00e7\u00e3o da trabalhadora foi mat\u00e9ria da 1\u00aa p\u00e1gina do Jornal dos Trabalhadores Banc\u00e1rios distribu\u00eddo na base nos dias 26 e 27,\u00a0 e em Angra os Trabalhadores de todas as ag\u00eancias banc\u00e1rias demonstraram uma grande satisfa\u00e7\u00e3o com essa vit\u00f3ria, pois a dedicada e excelente profissional\u00a0\u00e9 querida por todos.\u201d<\/p>\n<p>\u00a0<\/p>\n<\/div>\n<p id=\"page-author\"><strong>Fonte: Seeb Angra dos Reis<\/strong><\/p>\n","protected":false},"excerpt":{"rendered":"<p>Mais uma injusti\u00e7a foi reparada com a reintegra\u00e7\u00e3o\u00a0de uma funcion\u00e1ria \u00e0s suas fun\u00e7\u00f5es no Banco Ita\u00fa, em Angra dos Reis. Demitida em 13 de abril, a banc\u00e1ria\u00a0obteve aux\u00edlio doen\u00e7a acident\u00e1rio em raz\u00e3o do diagn\u00f3stico de tenossinovite e outras les\u00f5es por esfor\u00e7o repetitivo. De acordo com ac\u00f3rd\u00e3o\u00a0o TRT 1\u00aa Regi\u00e3o, diante da doen\u00e7a ocupacional e da [&hellip;]<\/p>\n","protected":false},"author":2,"featured_media":4688,"comment_status":"","ping_status":"","sticky":false,"template":"","format":"standard","meta":{"footnotes":""},"categories":[3],"tags":[],"class_list":["post-4689","post","type-post","status-publish","format-standard","has-post-thumbnail","hentry","category-noticias"],"_links":{"self":[{"href":"https:\/\/hostnetart.com.br\/baixada\/wp-json\/wp\/v2\/posts\/4689","targetHints":{"allow":["GET"]}}],"collection":[{"href":"https:\/\/hostnetart.com.br\/baixada\/wp-json\/wp\/v2\/posts"}],"about":[{"href":"https:\/\/hostnetart.com.br\/baixada\/wp-json\/wp\/v2\/types\/post"}],"author":[{"embeddable":true,"href":"https:\/\/hostnetart.com.br\/baixada\/wp-json\/wp\/v2\/users\/2"}],"replies":[{"embeddable":true,"href":"https:\/\/hostnetart.com.br\/baixada\/wp-json\/wp\/v2\/comments?post=4689"}],"version-history":[{"count":0,"href":"https:\/\/hostnetart.com.br\/baixada\/wp-json\/wp\/v2\/posts\/4689\/revisions"}],"wp:featuredmedia":[{"embeddable":true,"href":"https:\/\/hostnetart.com.br\/baixada\/wp-json\/wp\/v2\/media\/4688"}],"wp:attachment":[{"href":"https:\/\/hostnetart.com.br\/baixada\/wp-json\/wp\/v2\/media?parent=4689"}],"wp:term":[{"taxonomy":"category","embeddable":true,"href":"https:\/\/hostnetart.com.br\/baixada\/wp-json\/wp\/v2\/categories?post=4689"},{"taxonomy":"post_tag","embeddable":true,"href":"https:\/\/hostnetart.com.br\/baixada\/wp-json\/wp\/v2\/tags?post=4689"}],"curies":[{"name":"wp","href":"https:\/\/api.w.org\/{rel}","templated":true}]}}