{"id":4687,"date":"2018-07-01T22:30:13","date_gmt":"2018-07-02T01:30:13","guid":{"rendered":"https:\/\/hostnetart.com.br\/baixada\/federacao-dos-bancarios-do-rj-es-realiza-congresso-na-baixada-fluminense\/"},"modified":"2018-07-01T22:30:13","modified_gmt":"2018-07-02T01:30:13","slug":"federacao-dos-bancarios-do-rj-es-realiza-congresso-na-baixada-fluminense","status":"publish","type":"post","link":"https:\/\/hostnetart.com.br\/baixada\/federacao-dos-bancarios-do-rj-es-realiza-congresso-na-baixada-fluminense\/","title":{"rendered":"Federa\u00e7\u00e3o dos Banc\u00e1rios do RJ\/ES realiza congresso na Baixada Fluminense"},"content":{"rendered":"<p>Nos dias 29 e 30 de junho, sexta-feira e s\u00e1bado, foi realizado em Nova Igua\u00e7u, Baixada Fluminense, o XIII Congresso Interestadual Ordin\u00e1rio Eleitoral da Fetraf RJ\/ES, que escolheu a nova diretoria da Federa\u00e7\u00e3o dos Banc\u00e1rios.<\/p>\n<p> O encontro foi realizado com a presen\u00e7a de delegados representantes dos 13 Sindicatos que comp\u00f5em a base da Federa\u00e7\u00e3o, e teve como foco a Campanha Nacional que se aproxima.<\/p>\n<p> O Sindicato dos Banc\u00e1rios da Baixada Fluminense esteve representado por 9 delegados eleitos em assembleia, e teve uma participa\u00e7\u00e3o ativa no congresso que, pela segunda vez, \u00e9 realizado na Baixada Fluminense &#8211; em 2010 foi realizado em Duque de Caxias.<\/p>\n<p> O Presidente da Federa\u00e7\u00e3o, Nilton Esperan\u00e7a, foi reconduzido \u00e0 Presid\u00eancia para mais um mandato \u00e0 frente da entidade, at\u00e9 o ano de 2022.<\/p>\n<p> A Baixada Fluminense ter\u00e1 na diretoria da Federa\u00e7\u00e3o, quatro membros: Pedro Batista, Elizabeth Paradela, Jos\u00e9 La\u00e9rcio e Joseny Teixeira.<\/p>\n<p> O Sindicato dos Banc\u00e1rios da Baixada Fluminense deseja ao Niltinho e a toda a nova diretoria, muito sucesso nessa nova jornada que se inicia. <\/p>\n","protected":false},"excerpt":{"rendered":"<p>Nos dias 29 e 30 de junho, sexta-feira e s\u00e1bado, foi realizado em Nova Igua\u00e7u, Baixada Fluminense, o XIII Congresso Interestadual Ordin\u00e1rio Eleitoral da Fetraf RJ\/ES, que escolheu a nova diretoria da Federa\u00e7\u00e3o dos Banc\u00e1rios. O encontro foi realizado com a presen\u00e7a de delegados representantes dos 13 Sindicatos que comp\u00f5em a base da Federa\u00e7\u00e3o, e [&hellip;]<\/p>\n","protected":false},"author":2,"featured_media":4686,"comment_status":"","ping_status":"","sticky":false,"template":"","format":"standard","meta":{"footnotes":""},"categories":[8],"tags":[],"class_list":["post-4687","post","type-post","status-publish","format-standard","has-post-thumbnail","hentry","category-bancarios"],"_links":{"self":[{"href":"https:\/\/hostnetart.com.br\/baixada\/wp-json\/wp\/v2\/posts\/4687","targetHints":{"allow":["GET"]}}],"collection":[{"href":"https:\/\/hostnetart.com.br\/baixada\/wp-json\/wp\/v2\/posts"}],"about":[{"href":"https:\/\/hostnetart.com.br\/baixada\/wp-json\/wp\/v2\/types\/post"}],"author":[{"embeddable":true,"href":"https:\/\/hostnetart.com.br\/baixada\/wp-json\/wp\/v2\/users\/2"}],"replies":[{"embeddable":true,"href":"https:\/\/hostnetart.com.br\/baixada\/wp-json\/wp\/v2\/comments?post=4687"}],"version-history":[{"count":0,"href":"https:\/\/hostnetart.com.br\/baixada\/wp-json\/wp\/v2\/posts\/4687\/revisions"}],"wp:featuredmedia":[{"embeddable":true,"href":"https:\/\/hostnetart.com.br\/baixada\/wp-json\/wp\/v2\/media\/4686"}],"wp:attachment":[{"href":"https:\/\/hostnetart.com.br\/baixada\/wp-json\/wp\/v2\/media?parent=4687"}],"wp:term":[{"taxonomy":"category","embeddable":true,"href":"https:\/\/hostnetart.com.br\/baixada\/wp-json\/wp\/v2\/categories?post=4687"},{"taxonomy":"post_tag","embeddable":true,"href":"https:\/\/hostnetart.com.br\/baixada\/wp-json\/wp\/v2\/tags?post=4687"}],"curies":[{"name":"wp","href":"https:\/\/api.w.org\/{rel}","templated":true}]}}