{"id":4685,"date":"2018-06-29T20:18:19","date_gmt":"2018-06-29T23:18:19","guid":{"rendered":"https:\/\/hostnetart.com.br\/baixada\/bb-mostra-disposicao-para-negociar-com-funcionarios\/"},"modified":"2018-06-29T20:18:19","modified_gmt":"2018-06-29T23:18:19","slug":"bb-mostra-disposicao-para-negociar-com-funcionarios","status":"publish","type":"post","link":"https:\/\/hostnetart.com.br\/baixada\/bb-mostra-disposicao-para-negociar-com-funcionarios\/","title":{"rendered":"BB mostra disposi\u00e7\u00e3o para negociar com funcion\u00e1rios"},"content":{"rendered":"<div class=\"content\">\n<p>Na primeira reuni\u00e3o de negocia\u00e7\u00e3o desta sexta-feira (29) entre o Banco do Brasil e a Comiss\u00e3o de Empresa dos Funcion\u00e1rios do Banco do Brasil (CEBB), \u00f3rg\u00e3o auxiliar da Confedera\u00e7\u00e3o dos Trabalhadores do Ramo Financeiro (Contraf-CUT) que assessora o Comando Nacional dos Banc\u00e1rios no relacionamento com os funcion\u00e1rios e com a dire\u00e7\u00e3o do BB, o banco afirmou estar disposto a negociar sobre os pontos de pauta apresentados pelos trabalhadores.<\/p>\n<p>\u201cFoi importante a disposi\u00e7\u00e3o do banco de estabelecer um di\u00e1logo propositivo para chegarmos a um acordo que atenda \u00e0s reivindica\u00e7\u00f5es dos funcion\u00e1rios. Nosso acordo coletivo contempla dezenas de direitos e conquistas de diversas campanhas salariais, incluindo temas de isonomia que precisam ser preservados\u201d, afirmou o coordenador da CEBB, Wagner Nascimento.<\/p>\n<p>Wagner ressaltou a import\u00e2ncia da antecipa\u00e7\u00e3o da entrega da <ins><strong><a href=\"http:\/\/www.contrafcut.org.br\/noticias\/pauta-especifica-e-entregue-ao-banco-do-brasil-8fe5\" target=\"_blank\" rel=\"noopener noreferrer\">pauta espec\u00edfica de reivindica\u00e7\u00f5es<\/a><\/strong><\/ins>\u00a0dos funcion\u00e1rios ao banco. \u201cNeste ano apresentamos nossas reivindica\u00e7\u00f5es com bastante anteced\u00eancia e houve mais tempo para analis\u00e1-las. Isso permitiu que o banco avan\u00e7asse nas nossas propostas e abrisse a possibilidade de assinar o pr\u00e9-acordo para manter a ultratividade da CCT (Conven\u00e7\u00e3o Coletiva de Trabalho) e de manter a validade da conven\u00e7\u00e3o para todos os funcion\u00e1rios, contemplando os chamados hipersuficientes\u201d, explicou o coordenador da CEBB, Wagner Nascimento.<\/p>\n<p><strong>Mesas espec\u00edficas<\/strong><br \/> Para acordo andar com mais celeridade, o banco prop\u00f4s, inclusive, estabelecer mesas espec\u00edficas para avan\u00e7ar nos debates sobre determinados temas, como seguran\u00e7a e sa\u00fade do trabalhador; teletrabalho; e escrit\u00f3rios digitais.<\/p>\n<p>Com rela\u00e7\u00e3o \u00e0 Caixa de Assist\u00eancia dos Funcion\u00e1rios do Banco do Brasil (Cassi), o banco n\u00e3o aceita debater o tema na mesa de negocia\u00e7\u00f5es espec\u00edficas da Campanha Nacional. Prefere que seja debatido no f\u00f3rum espec\u00edfico da governan\u00e7a da Cassi.<\/p>\n<p>A CEBB reafirmou a proposta sobre a Cassi, aprovada no 29\u00ba Congresso dos Funcion\u00e1rios do BB, que \u00e9 desconsiderada pelo banco. \u201cOs representantes do banco alegam que precisam cumprir as resolu\u00e7\u00f5es da CGPAR e por isso n\u00e3o podem aceitar a proposta enviada pela Contraf-CUT\u201d, explicou o coordenador da CEBB. Wagner se refere \u00e0 <ins><strong><a href=\"http:\/\/www.planejamento.gov.br\/assuntos\/empresas-estatais\/legislacao\/resolucao-no-23-de-18-de-janeiro-de-2018-diario-oficial-da-uniao-imprensa-nacional.pdf\" target=\"_blank\" rel=\"noopener noreferrer\">resolu\u00e7\u00e3o 23<\/a><\/strong><\/ins> da Comiss\u00e3o Interministerial de Governan\u00e7a Corporativa e de Administra\u00e7\u00e3o de Participa\u00e7\u00f5es Societ\u00e1rias da Uni\u00e3o, que trata das diretrizes e par\u00e2metros para o custeio das empresas estatais em rela\u00e7\u00e3o aos benef\u00edcios de assist\u00eancia \u00e0 sa\u00fade aos funcionalismo p\u00fablicos e est\u00e1 sendo questionada judicialmente. A deputada federal Erika Kokay (PT-DF) apresentou Projeto de Decreto Legislativo (<ins><strong><a href=\"http:\/\/www.camara.gov.br\/proposicoesWeb\/prop_mostrarintegra;jsessionid=0AC90DF7DE5DB07D8901EC8DE8EAF6A6.proposicoesWebExterno2?codteor=1663810&amp;filename=PDC+956\/2018\" target=\"_blank\" rel=\"noopener noreferrer\">PDC 956\/2018<\/a><\/strong><\/ins>) com o objetivo de sustar a resolu\u00e7\u00e3o.<\/p>\n<p>\u201cO que nos preocupa \u00e9 que os novos funcion\u00e1rios n\u00e3o ter\u00e3o direito \u00e0 Cassi justamente quando mais precisar\u00e3o dela: na aposentadoria\u201d, lamentou Rafael Zanon, secret\u00e1rio de Imprensa do Sindicato dos Banc\u00e1rios de Bras\u00edlia e Regi\u00e3o, membro da CEBB. \u201cAlguns funcion\u00e1rios ainda n\u00e3o se deram conta de que a Cassi \u00e9 muito mais barata do que todos os outros planos dispon\u00edveis no mercado\u201d, ressaltou Jo\u00e3o Fukunaga, Secret\u00e1rio de Assuntos Jur\u00eddicos Individuais do Sindicato dos Banc\u00e1rios de S\u00e3o Paulo, Osasco e Regi\u00e3o, representante da Federa\u00e7\u00e3o dos Banc\u00e1rios de S\u00e3o Paulo (Fetec-CUT\/SP) na CEBB.<\/p>\n<p><strong>Economus<\/strong><br \/> O banco tamb\u00e9m abriu a possibilidade de debater a quest\u00e3o dos funcion\u00e1rios incorporados de outros bancos nas quest\u00f5es de sa\u00fade e previd\u00eancia.<\/p>\n<p><strong>Outros pontos debatidos<\/strong><br \/> O sistema de pontua\u00e7\u00e3o por m\u00e9rito \u00e9 outro ponto que o banco aceita discutir. O banco estabeleceu que os funcion\u00e1rios cedidos ou requisitados para \u00f3rg\u00e3os governamentais poder\u00e3o ser beneficiados pela pontua\u00e7\u00e3o.<\/p>\n<p>O banco ainda disse estar disposto a retomar as homologa\u00e7\u00f5es das rescis\u00f5es de contrato de trabalhos nos sindicatos, a amplia\u00e7\u00e3o do tempo de pagamento da Verba de Car\u00e1ter Pessoal (VCP) e atualizar a tabela de Pontua\u00e7\u00e3o Individual do Participante (PIP) da Previ.<\/p>\n<p>Por fim, o banco tamb\u00e9m estudar\u00e1 a regulariza\u00e7\u00e3o da situa\u00e7\u00e3o dos funcion\u00e1rios que fizeram concurso espec\u00edfico para a \u00e1rea de TI que ainda n\u00e3o tomaram posse.<\/p>\n<\/div>\n<p id=\"page-author\"><span style=\"text-decoration: underline;\"><em><strong>Fonte: Contraf-CUT<\/strong><\/em><\/span><\/p>\n","protected":false},"excerpt":{"rendered":"<p>Na primeira reuni\u00e3o de negocia\u00e7\u00e3o desta sexta-feira (29) entre o Banco do Brasil e a Comiss\u00e3o de Empresa dos Funcion\u00e1rios do Banco do Brasil (CEBB), \u00f3rg\u00e3o auxiliar da Confedera\u00e7\u00e3o dos Trabalhadores do Ramo Financeiro (Contraf-CUT) que assessora o Comando Nacional dos Banc\u00e1rios no relacionamento com os funcion\u00e1rios e com a dire\u00e7\u00e3o do BB, o banco [&hellip;]<\/p>\n","protected":false},"author":2,"featured_media":4684,"comment_status":"","ping_status":"","sticky":false,"template":"","format":"standard","meta":{"footnotes":""},"categories":[3],"tags":[],"class_list":["post-4685","post","type-post","status-publish","format-standard","has-post-thumbnail","hentry","category-noticias"],"_links":{"self":[{"href":"https:\/\/hostnetart.com.br\/baixada\/wp-json\/wp\/v2\/posts\/4685","targetHints":{"allow":["GET"]}}],"collection":[{"href":"https:\/\/hostnetart.com.br\/baixada\/wp-json\/wp\/v2\/posts"}],"about":[{"href":"https:\/\/hostnetart.com.br\/baixada\/wp-json\/wp\/v2\/types\/post"}],"author":[{"embeddable":true,"href":"https:\/\/hostnetart.com.br\/baixada\/wp-json\/wp\/v2\/users\/2"}],"replies":[{"embeddable":true,"href":"https:\/\/hostnetart.com.br\/baixada\/wp-json\/wp\/v2\/comments?post=4685"}],"version-history":[{"count":0,"href":"https:\/\/hostnetart.com.br\/baixada\/wp-json\/wp\/v2\/posts\/4685\/revisions"}],"wp:featuredmedia":[{"embeddable":true,"href":"https:\/\/hostnetart.com.br\/baixada\/wp-json\/wp\/v2\/media\/4684"}],"wp:attachment":[{"href":"https:\/\/hostnetart.com.br\/baixada\/wp-json\/wp\/v2\/media?parent=4685"}],"wp:term":[{"taxonomy":"category","embeddable":true,"href":"https:\/\/hostnetart.com.br\/baixada\/wp-json\/wp\/v2\/categories?post=4685"},{"taxonomy":"post_tag","embeddable":true,"href":"https:\/\/hostnetart.com.br\/baixada\/wp-json\/wp\/v2\/tags?post=4685"}],"curies":[{"name":"wp","href":"https:\/\/api.w.org\/{rel}","templated":true}]}}