{"id":4683,"date":"2018-06-29T20:17:34","date_gmt":"2018-06-29T23:17:34","guid":{"rendered":"https:\/\/hostnetart.com.br\/baixada\/sindicalistas-comemoram-decisao-que-impede-privatizacao-sem-aval-do-congresso\/"},"modified":"2018-06-29T20:17:34","modified_gmt":"2018-06-29T23:17:34","slug":"sindicalistas-comemoram-decisao-que-impede-privatizacao-sem-aval-do-congresso","status":"publish","type":"post","link":"https:\/\/hostnetart.com.br\/baixada\/sindicalistas-comemoram-decisao-que-impede-privatizacao-sem-aval-do-congresso\/","title":{"rendered":"Sindicalistas comemoram decis\u00e3o que impede privatiza\u00e7\u00e3o sem aval do Congresso"},"content":{"rendered":"<div class=\"content\">\n<p>Representantes dos trabalhadores comemoraram a decis\u00e3o do ministro Ricardo Lewandowski, do Supremo Tribunal Federal (STF), que\u00a0concedeu liminar nesta quarta-feira (27)\u00a0proibindo o governo de\u00a0privatizar\u00a0empresas p\u00fablicas sem autoriza\u00e7\u00e3o do Legislativo. Ele proferiu a decis\u00e3o de car\u00e1ter tempor\u00e1rio\u00a0ao julgar uma A\u00e7\u00e3o Direta de Inconstitucionalidade (ADI) movida pela\u00a0<a href=\"https:\/\/www.fenae.org.br\/portal\/fenae-portal\/noticias\/ministro-lewandowski-do-stf-proibe-privatizacao-de-estatais-sem-autorizacao-do-legislativo.htm\" target=\"_blank\" rel=\"noopener noreferrer\">Fenae\u00a0<\/a>e pela\u00a0<a href=\"http:\/\/www.contrafcut.org.br\/\" target=\"_blank\" rel=\"noopener noreferrer\">Contraf-CUT<\/a>.\u00a0<\/p>\n<p>Para a presidenta da Contraf-CUT,\u00a0Juvandia Moreira, trata-se de uma vit\u00f3ria importante contra a &#8220;gana&#8221; do governo de Michel Temer (MDB) em entregar o patrim\u00f4nio p\u00fablico brasileiro. &#8220;\u00c9 uma vit\u00f3ria, mas a vit\u00f3ria definitiva a gente vai conseguir nas urnas, mudando esse projeto e elegendo pessoas que n\u00e3o v\u00e3o entregar o patrim\u00f4nio p\u00fablico, comprometendo o futuro do povo brasileiro&#8221;, disse ela em entrevista \u00e0\u00a0R\u00e1dio Brasil Atual\u00a0nesta quinta-feira (28).<\/p>\n<p>Com essa decis\u00e3o, empresas como Petrobras, Eletrobras, Banco do Brasil e Caixa Econ\u00f4mica Federal n\u00e3o poder\u00e3o ser vendidas sem aprova\u00e7\u00e3o do Congresso Nacional.\u00a0Das 158 estatais brasileiras, Temer havia anunciado a inten\u00e7\u00e3o de\u00a0privatizar 57 empresas.<\/p>\n<p>O vice-presidente da Fenae, Sergio Takemoto, tamb\u00e9m celebrou a decis\u00e3o: &#8220;Para n\u00f3s, \u00e9 muito importante que a popula\u00e7\u00e3o abra os olhos para o que esse governo tem feito com o objetivo de destruir toda a riqueza do povo brasileiro. Entendemos que foi uma grande vit\u00f3ria, mas temos que continuar na luta para evitar novos leil\u00f5es que o governo vem pretendendo fazer.&#8221; Ele tamb\u00e9m lembrou que pesquisas apontam que a\u00a0popula\u00e7\u00e3o brasileira \u00e9 contra\u00a0privatizar estatais.\u00a0<\/p>\n<p>Ambos os dirigentes ressaltaram tamb\u00e9m que a decis\u00e3o n\u00e3o impede a privatiza\u00e7\u00e3o, mas abre possibilidade para que a sociedade discuta as propostas de privatiza\u00e7\u00e3o e possa fazer press\u00e3o sobre o Congresso, trazendo \u00e0 tona uma discuss\u00e3o que o governo pretendia manter &#8220;nos subterr\u00e2neos&#8221;.\u00a0Ainda n\u00e3o h\u00e1 data para que a ADI movida pela\u00a0pela\u00a0Fenae\u00a0e pela Contraf-CUT seja apreciada pelo plen\u00e1rio do STF. Lewandowski, que proferiu a decis\u00e3o liminar, ser\u00e1 o relator da a\u00e7\u00e3o.<\/p>\n<p>Para\u00a0o coordenador da Federa\u00e7\u00e3o \u00danica dos Petroleiros (FUP-CUT) Sim\u00e3o Zanardi, a liminar coloca ordem na &#8220;bagun\u00e7a&#8221; promovida por Temer, que tratava a venda das estatais como uma esp\u00e9cie de &#8220;feira&#8221;. &#8220;Esse governo n\u00e3o foi eleito, n\u00e3o tem legitimidade. Agora, a responsabilidade passa a ser dos parlamentares,\u00a0e cabe a n\u00f3s a tarefa de tentar impedir&#8221;, disse ele.\u00a0<\/p>\n<p>O diretor-presidente da Associa\u00e7\u00e3o dos Funcion\u00e1rios de Furnas (Asef), Victor Costa, tamb\u00e9m acredita que essa decis\u00e3o torna mais &#8220;justa&#8221; qualquer discuss\u00e3o que pretenda levar \u00e0 privatiza\u00e7\u00e3o de empresas p\u00fablicas. &#8220;A posi\u00e7\u00e3o do Lewandowski foi muito forte e estamos confiantes de que essa decis\u00e3o ser\u00e1 mantida em favor de todos os brasileiros que n\u00e3o querem entregar nossa soberania&#8221;.<\/p>\n<p>\u00a0<\/p>\n<\/div>\n<p id=\"page-author\"><strong>Fonte: Rede Brasil Atual<\/strong><\/p>\n","protected":false},"excerpt":{"rendered":"<p>Representantes dos trabalhadores comemoraram a decis\u00e3o do ministro Ricardo Lewandowski, do Supremo Tribunal Federal (STF), que\u00a0concedeu liminar nesta quarta-feira (27)\u00a0proibindo o governo de\u00a0privatizar\u00a0empresas p\u00fablicas sem autoriza\u00e7\u00e3o do Legislativo. Ele proferiu a decis\u00e3o de car\u00e1ter tempor\u00e1rio\u00a0ao julgar uma A\u00e7\u00e3o Direta de Inconstitucionalidade (ADI) movida pela\u00a0Fenae\u00a0e pela\u00a0Contraf-CUT.\u00a0 Para a presidenta da Contraf-CUT,\u00a0Juvandia Moreira, trata-se de uma vit\u00f3ria [&hellip;]<\/p>\n","protected":false},"author":2,"featured_media":4682,"comment_status":"","ping_status":"","sticky":false,"template":"","format":"standard","meta":{"footnotes":""},"categories":[3],"tags":[],"class_list":["post-4683","post","type-post","status-publish","format-standard","has-post-thumbnail","hentry","category-noticias"],"_links":{"self":[{"href":"https:\/\/hostnetart.com.br\/baixada\/wp-json\/wp\/v2\/posts\/4683","targetHints":{"allow":["GET"]}}],"collection":[{"href":"https:\/\/hostnetart.com.br\/baixada\/wp-json\/wp\/v2\/posts"}],"about":[{"href":"https:\/\/hostnetart.com.br\/baixada\/wp-json\/wp\/v2\/types\/post"}],"author":[{"embeddable":true,"href":"https:\/\/hostnetart.com.br\/baixada\/wp-json\/wp\/v2\/users\/2"}],"replies":[{"embeddable":true,"href":"https:\/\/hostnetart.com.br\/baixada\/wp-json\/wp\/v2\/comments?post=4683"}],"version-history":[{"count":0,"href":"https:\/\/hostnetart.com.br\/baixada\/wp-json\/wp\/v2\/posts\/4683\/revisions"}],"wp:featuredmedia":[{"embeddable":true,"href":"https:\/\/hostnetart.com.br\/baixada\/wp-json\/wp\/v2\/media\/4682"}],"wp:attachment":[{"href":"https:\/\/hostnetart.com.br\/baixada\/wp-json\/wp\/v2\/media?parent=4683"}],"wp:term":[{"taxonomy":"category","embeddable":true,"href":"https:\/\/hostnetart.com.br\/baixada\/wp-json\/wp\/v2\/categories?post=4683"},{"taxonomy":"post_tag","embeddable":true,"href":"https:\/\/hostnetart.com.br\/baixada\/wp-json\/wp\/v2\/tags?post=4683"}],"curies":[{"name":"wp","href":"https:\/\/api.w.org\/{rel}","templated":true}]}}