{"id":4677,"date":"2018-06-29T13:22:20","date_gmt":"2018-06-29T16:22:20","guid":{"rendered":"https:\/\/hostnetart.com.br\/baixada\/fiscalizacao-do-trabalho-tem-menor-numero-de-auditores-em-20-anos\/"},"modified":"2018-06-29T13:22:20","modified_gmt":"2018-06-29T16:22:20","slug":"fiscalizacao-do-trabalho-tem-menor-numero-de-auditores-em-20-anos","status":"publish","type":"post","link":"https:\/\/hostnetart.com.br\/baixada\/fiscalizacao-do-trabalho-tem-menor-numero-de-auditores-em-20-anos\/","title":{"rendered":"Fiscaliza\u00e7\u00e3o do trabalho tem menor n\u00famero de auditores em 20 anos"},"content":{"rendered":"<p>Respons\u00e1vel por combater a pr\u00e1tica de trabalho escravo e infantil, por atuar para a preven\u00e7\u00e3o de acidentes e doen\u00e7as do trabalho, fiscalizar a arrecada\u00e7\u00e3o do Fundo de Garantia do Tempo de Servi\u00e7o (FGTS), entre outras atribui\u00e7\u00f5es, a auditoria-fiscal do trabalho passa por uma situa\u00e7\u00e3o dif\u00edcil no pa\u00eds.\u00a0De 3.644 cargos existentes, 1.317 est\u00e3o vagos. O n\u00famero atual de 2.327 profissionais \u00e9 o menor em 20 anos.<\/p>\n<p>Esse sucateamento, aliado a uma redu\u00e7\u00e3o or\u00e7ament\u00e1ria praticada ano a ano, torna a fiscaliza\u00e7\u00e3o uma a\u00e7\u00e3o \u201cpara ingl\u00eas ver, porque, na pr\u00e1tica, n\u00e3o tem condi\u00e7\u00f5es\u201d, nas palavras da vice-presidenta do Sindicato Nacional dos Auditores Fiscais do Trabalho (Sinait), Rosa Maria Campos Jorge.<\/p>\n<p>Segundo a entidade, a melhor condi\u00e7\u00e3o de m\u00e3o de obra da fiscaliza\u00e7\u00e3o do trabalho foi em 1996, quando a \u00e1rea chegou a ter 3.464 auditores. O atual n\u00famero de cargos \u00e9 o mesmo de 1984. O total de profissionais caiu at\u00e9 2003, quando chegou a 2.837, e teve recupera\u00e7\u00e3o at\u00e9 2007, atingindo 3.174. Desde ent\u00e3o, o n\u00famero foi drasticamente reduzido.\u00a0E pode ser ainda mais nos pr\u00f3ximos anos, j\u00e1 que cerca de 500 profissionais est\u00e3o em condi\u00e7\u00f5es de se aposentar e continuam em atividade recebendo um abono de perman\u00eancia.<\/p>\n<p>\u201cO n\u00famero \u00e9 absolutamente insuficiente para dar conta das demandas que temos. O n\u00famero de empresas aumentou muito, o de trabalhadores tamb\u00e9m. Parece mesmo uma estrat\u00e9gia de manter um quadro m\u00ednimo para mostrar \u00e0 Organiza\u00e7\u00e3o Internacional do Trabalho (OIT) que se est\u00e1 cumprindo as conven\u00e7\u00f5es\u201d, avalia Rosa Maria. \u201c\u00c9 uma situa\u00e7\u00e3o de descaso descarado do governo brasileiro com os trabalhadores\u201d, acrescenta.<\/p>\n<p>Hoje o pa\u00eds tem uma popula\u00e7\u00e3o economicamente ativa de 104 milh\u00f5es de trabalhadores, segundo a Pesquisa Nacional por Amostra de Domic\u00edlios (Pnad), do IBGE. O artigo 10 da Conven\u00e7\u00e3o 81 da OIT estabelece que pa\u00edses devem manter \u201cquantitativo suficiente de auditores-fiscais do trabalho em rela\u00e7\u00e3o ao n\u00famero de estabelecimentos, de trabalhadores, al\u00e9m de observar as exig\u00eancias demandadas pela complexidade de suas legisla\u00e7\u00f5es trabalhistas\u201d.<\/p>\n<p>Em 2014, o Minist\u00e9rio P\u00fablico do Trabalho (MPT) entrou com\u00a0a\u00e7\u00e3o na Justi\u00e7a\u00a0Federal exigindo que o governo federal realizasse concurso p\u00fablico para a contrata\u00e7\u00e3o de 862 auditores-fiscais. O n\u00famero correspondia aos cargos vagos naquele ano. A a\u00e7\u00e3o tamb\u00e9m solicitava que fosse garantida uma taxa de um fiscal para cada 10 mil trabalhadores. Atualmente, a taxa \u00e9 de um para 44 mil. O \u00faltimo concurso para \u00e1rea foi realizado em 2013, mas apenas 100 profissionais foram convocados.<\/p>\n<h3>Menos a\u00e7\u00f5es de fiscaliza\u00e7\u00e3o<\/h3>\n<p>Outra reclama\u00e7\u00e3o dos auditores \u00e9 a redu\u00e7\u00e3o do or\u00e7amento da fiscaliza\u00e7\u00e3o ano a ano. <a class=\"internal-link\" title=\"\" href=\"http:\/\/www.redebrasilatual.com.br\/trabalho\/2017\/10\/fiscais-do-trabalho-fazem-paralisacao-ministro-banca-portaria-1\" target=\"_blank\" rel=\"noopener noreferrer\">Em 2017, os cortes chegaram a paralisar as a\u00e7\u00f5es de combate ao trabalho escravo.<\/a> Cerca de 70% da verba da fiscaliza\u00e7\u00e3o foi congelada. Isso tudo resultou na diminui\u00e7\u00e3o do n\u00famero de a\u00e7\u00f5es e de trabalhadores resgatados. Em 2016 foram 773 resgatados. J\u00e1 em 2017, foram 550. \u201cPara complicar a situa\u00e7\u00e3o, a MP (<em>medida provis\u00f3ria<\/em>) 839 (que redireciona recursos para subsidiar a redu\u00e7\u00e3o no pre\u00e7o do Diesel combust\u00edvel) retira quase R$ 2 milh\u00f5es da fiscaliza\u00e7\u00e3o\u201d, afirma a vice-presidenta do Sinait.<\/p>\n<p>Os auditores j\u00e1 fizeram tr\u00eas den\u00fancias contra o governo brasileiro na OIT por causa da situa\u00e7\u00e3o da fiscaliza\u00e7\u00e3o. Na semana passada,\u00a0 realizaram um dia nacional de mobiliza\u00e7\u00f5es para denunciar o desmantelamento do setor. \u201cQueremos que o governo, mas tamb\u00e9m a sociedade, entenda os custos sociais do sucateamento da fiscaliza\u00e7\u00e3o do trabalho. A redu\u00e7\u00e3o no combate ao trabalho escravo e ao trabalho infantil \u00e9 muito grave. Mas tamb\u00e9m leva a um aumento nos acidentes de trabalho, cujos custos oneram o sistema de sa\u00fade e a previd\u00eancia social\u201d, conclui Rosa Maria.<\/p>\n<p>Procurado, o Minist\u00e9rio do Trabalho n\u00e3o se manifestou.<\/p>\n<p>\u00a0<\/p>\n<p><strong>FONTE: Rede Brasil Atual<\/strong><\/p>\n","protected":false},"excerpt":{"rendered":"<p>Respons\u00e1vel por combater a pr\u00e1tica de trabalho escravo e infantil, por atuar para a preven\u00e7\u00e3o de acidentes e doen\u00e7as do trabalho, fiscalizar a arrecada\u00e7\u00e3o do Fundo de Garantia do Tempo de Servi\u00e7o (FGTS), entre outras atribui\u00e7\u00f5es, a auditoria-fiscal do trabalho passa por uma situa\u00e7\u00e3o dif\u00edcil no pa\u00eds.\u00a0De 3.644 cargos existentes, 1.317 est\u00e3o vagos. O n\u00famero [&hellip;]<\/p>\n","protected":false},"author":2,"featured_media":4676,"comment_status":"","ping_status":"","sticky":false,"template":"","format":"standard","meta":{"footnotes":""},"categories":[3],"tags":[],"class_list":["post-4677","post","type-post","status-publish","format-standard","has-post-thumbnail","hentry","category-noticias"],"_links":{"self":[{"href":"https:\/\/hostnetart.com.br\/baixada\/wp-json\/wp\/v2\/posts\/4677","targetHints":{"allow":["GET"]}}],"collection":[{"href":"https:\/\/hostnetart.com.br\/baixada\/wp-json\/wp\/v2\/posts"}],"about":[{"href":"https:\/\/hostnetart.com.br\/baixada\/wp-json\/wp\/v2\/types\/post"}],"author":[{"embeddable":true,"href":"https:\/\/hostnetart.com.br\/baixada\/wp-json\/wp\/v2\/users\/2"}],"replies":[{"embeddable":true,"href":"https:\/\/hostnetart.com.br\/baixada\/wp-json\/wp\/v2\/comments?post=4677"}],"version-history":[{"count":0,"href":"https:\/\/hostnetart.com.br\/baixada\/wp-json\/wp\/v2\/posts\/4677\/revisions"}],"wp:featuredmedia":[{"embeddable":true,"href":"https:\/\/hostnetart.com.br\/baixada\/wp-json\/wp\/v2\/media\/4676"}],"wp:attachment":[{"href":"https:\/\/hostnetart.com.br\/baixada\/wp-json\/wp\/v2\/media?parent=4677"}],"wp:term":[{"taxonomy":"category","embeddable":true,"href":"https:\/\/hostnetart.com.br\/baixada\/wp-json\/wp\/v2\/categories?post=4677"},{"taxonomy":"post_tag","embeddable":true,"href":"https:\/\/hostnetart.com.br\/baixada\/wp-json\/wp\/v2\/tags?post=4677"}],"curies":[{"name":"wp","href":"https:\/\/api.w.org\/{rel}","templated":true}]}}