{"id":4673,"date":"2018-06-29T13:19:50","date_gmt":"2018-06-29T16:19:50","guid":{"rendered":"https:\/\/hostnetart.com.br\/baixada\/taxa-de-desemprego-segue-alta-e-so-trabalho-informal-cresce\/"},"modified":"2018-06-29T13:19:50","modified_gmt":"2018-06-29T16:19:50","slug":"taxa-de-desemprego-segue-alta-e-so-trabalho-informal-cresce","status":"publish","type":"post","link":"https:\/\/hostnetart.com.br\/baixada\/taxa-de-desemprego-segue-alta-e-so-trabalho-informal-cresce\/","title":{"rendered":"Taxa de desemprego segue alta, e s\u00f3 trabalho informal cresce"},"content":{"rendered":"<p>O mercado de trabalho continuou criando vagas informais no trimestre encerrado em maio, com a taxa de desemprego calculada em 12,7% pelo IBGE, ante 12,6% em fevereiro e 13,3% h\u00e1 um ano, com uma estimativa de 13,235 milh\u00f5es de desempregados, 115 mil a mais em tr\u00eas meses (0,9%). Se em 12 meses o pa\u00eds tem menos 536 mil desempregados a menos (-3,9%), tamb\u00e9m nesse per\u00edodo s\u00f3 viu crescer o trabalho sem carteira e aut\u00f4nomo, porque n\u00e3o houve crescimento do emprego com carteira assinada.<\/p>\n<p>De fevereiro a maio, 90 mil pessoas deixaram de fazer parte da for\u00e7a de trabalho, enquanto o mercado fechou 204 mil vagas, fazendo o n\u00famero de desempregados crescer em 115 mil, com certa estabilidade. A for\u00e7a de trabalho (104,112 milh\u00f5es) equivale ao total de ocupados (90,887 milh\u00f5es) e de desempregados (13,235 milh\u00f5es).<\/p>\n<p>Em rela\u00e7\u00e3o a maio do ano passado, 663 mil pessoas ingressaram \u00e0 procura de trabalho. Foram criadas 1,199 milh\u00e3o de ocupa\u00e7\u00f5es (aumento de 1,3%), reduzindo o desemprego.<\/p>\n<p>Mas segundo a Pesquisa Nacional por Amostra de Domic\u00edlios (Pnad) Cont\u00ednua, divulgada nesta sexta-feira (29) pelo IBGE, nesse per\u00edodo nenhum desses empregos foi com carteira assinada. Em 12 meses, o emprego com carteira no setor privado caiu 1,5%: menos 483 mil. J\u00e1 o emprego sem carteira cresceu 5,7%, com acr\u00e9scimo de 597 mil, al\u00e9m de mais 568 mil (2,5%) por conta pr\u00f3pria e mais 229 mil (5,6%) de empregadores, o que pode indicar aumento do empreendedorismo. Tamb\u00e9m cresceu o emprego no setor p\u00fablico, enquanto o trabalho dom\u00e9stico ficou est\u00e1vel.\u00a0<\/p>\n<p>Entre os setores de atividade, apenas a administra\u00e7\u00e3o p\u00fablica cresceu de fevereiro para maio. O IBGE apurou queda em com\u00e9rcio\/repara\u00e7\u00e3o de ve\u00edculos, trabalho dom\u00e9stico e servi\u00e7os de informa\u00e7\u00e3o, comunica\u00e7\u00e3o e atividades financeiras.\u00a0<\/p>\n<p>J\u00e1 em rela\u00e7\u00e3o a maio do ano passado, houve alta na administra\u00e7\u00e3o p\u00fablica (3,4%,mais 526 mil) e em &#8220;outros servi\u00e7os&#8221; (7,4%, 323 mil), que inclui arte, cultura e manuten\u00e7\u00e3o de equipamentos de inform\u00e1tica e objetos pessoais. O emprego caiu na agricultura (-2,9%, menos 254 mil) e ficou relativamente est\u00e1vel nas demais \u00e1reas.<\/p>\n<p>Estimado em R$ 2.187, o rendimento m\u00e9dio ficou est\u00e1vel tanto em rela\u00e7\u00e3o ao trimestre anterior como na compara\u00e7\u00e3o com igual per\u00edodo de 2017. A massa de rendimentos (R$ 193,9 bilh\u00f5es) tamb\u00e9m teve estabilidade.<\/p>\n<p>\u00a0<\/p>\n<p><strong>FONTE: Rede Brasil Atual<\/strong><\/p>\n","protected":false},"excerpt":{"rendered":"<p>O mercado de trabalho continuou criando vagas informais no trimestre encerrado em maio, com a taxa de desemprego calculada em 12,7% pelo IBGE, ante 12,6% em fevereiro e 13,3% h\u00e1 um ano, com uma estimativa de 13,235 milh\u00f5es de desempregados, 115 mil a mais em tr\u00eas meses (0,9%). Se em 12 meses o pa\u00eds tem [&hellip;]<\/p>\n","protected":false},"author":2,"featured_media":4672,"comment_status":"","ping_status":"","sticky":false,"template":"","format":"standard","meta":{"footnotes":""},"categories":[3],"tags":[],"class_list":["post-4673","post","type-post","status-publish","format-standard","has-post-thumbnail","hentry","category-noticias"],"_links":{"self":[{"href":"https:\/\/hostnetart.com.br\/baixada\/wp-json\/wp\/v2\/posts\/4673","targetHints":{"allow":["GET"]}}],"collection":[{"href":"https:\/\/hostnetart.com.br\/baixada\/wp-json\/wp\/v2\/posts"}],"about":[{"href":"https:\/\/hostnetart.com.br\/baixada\/wp-json\/wp\/v2\/types\/post"}],"author":[{"embeddable":true,"href":"https:\/\/hostnetart.com.br\/baixada\/wp-json\/wp\/v2\/users\/2"}],"replies":[{"embeddable":true,"href":"https:\/\/hostnetart.com.br\/baixada\/wp-json\/wp\/v2\/comments?post=4673"}],"version-history":[{"count":0,"href":"https:\/\/hostnetart.com.br\/baixada\/wp-json\/wp\/v2\/posts\/4673\/revisions"}],"wp:featuredmedia":[{"embeddable":true,"href":"https:\/\/hostnetart.com.br\/baixada\/wp-json\/wp\/v2\/media\/4672"}],"wp:attachment":[{"href":"https:\/\/hostnetart.com.br\/baixada\/wp-json\/wp\/v2\/media?parent=4673"}],"wp:term":[{"taxonomy":"category","embeddable":true,"href":"https:\/\/hostnetart.com.br\/baixada\/wp-json\/wp\/v2\/categories?post=4673"},{"taxonomy":"post_tag","embeddable":true,"href":"https:\/\/hostnetart.com.br\/baixada\/wp-json\/wp\/v2\/tags?post=4673"}],"curies":[{"name":"wp","href":"https:\/\/api.w.org\/{rel}","templated":true}]}}