{"id":4671,"date":"2018-06-29T13:18:48","date_gmt":"2018-06-29T16:18:48","guid":{"rendered":"https:\/\/hostnetart.com.br\/baixada\/bancarios-vao-para-mesa-negociar-mas-bancos-frustram-primeira-rodada\/"},"modified":"2018-06-29T13:18:48","modified_gmt":"2018-06-29T16:18:48","slug":"bancarios-vao-para-mesa-negociar-mas-bancos-frustram-primeira-rodada","status":"publish","type":"post","link":"https:\/\/hostnetart.com.br\/baixada\/bancarios-vao-para-mesa-negociar-mas-bancos-frustram-primeira-rodada\/","title":{"rendered":"Banc\u00e1rios v\u00e3o para mesa negociar, mas bancos frustram primeira rodada"},"content":{"rendered":"<div class=\"content\">\n<p>Diante de um Comando Nacional dos Banc\u00e1rios que se deslocaram de todo o Brasil at\u00e9 S\u00e3o Paulo para a primeira rodada de negocia\u00e7\u00e3o da Campanha 2018, a Federa\u00e7\u00e3o Nacional dos Bancos (Fenaban) frustrou os debates nesta quinta-feira (28).<\/p>\n<p>\u201cViemos para a mesa com disposi\u00e7\u00e3o total de negocia\u00e7\u00e3o e a expectativa de sair com um pr\u00e9-acordo assinado, garantindo os direitos dos trabalhadores, como vales refei\u00e7\u00e3o, alimenta\u00e7\u00e3o, aux\u00edlio-creche\/bab\u00e1, mas isso foi frustrado pela postura dos bancos que n\u00e3o deram resposta nenhuma ao assunto\u201d, critica a presidenta da Contraf-CUT, Juvandia Moreira, coordenadora do Comando.<\/p>\n<p>A dirigente destacou que, em anos anteriores, o pr\u00e9-acordo que garantia a ultratividade sempre foi respeitado.\u00a0Ele foi apresentado \u00e0 Fenaban no dia da entrega da pauta, em 13 de junho. \u201cEste ano sequer garantiram que isso ser\u00e1 feito na pr\u00f3xima negocia\u00e7\u00e3o. Refor\u00e7amos que essa \u00e9 uma prioridade dos banc\u00e1rios\u201d.\u00a0<\/p>\n<p>Clique <a href=\"http:\/\/www.contrafcut.org.br\/videos\/1-mesa-de-negociacao-da-campanha-nacional-2018-6c07\">aqui <\/a>e veja o v\u00eddeo da primeira reuni\u00e3o.<\/p>\n<p>A atual CCT e os direitos nela previstos t\u00eam validade somente at\u00e9 31 de agosto, j\u00e1 que a data base da categoria \u00e9 1\u00ba de setembro. Por isso, a ultratividade \u00e9 uma prioridade para a categoria, principalmente diante da vig\u00eancia da legisla\u00e7\u00e3o trabalhista do p\u00f3s-golpe que autoriza a retirada de direitos. A lei 13.467, de novembro de 2017, foi gestada e aprovada pelos empres\u00e1rios, dentre eles os bancos.<\/p>\n<p>\u201cEssa primeira rodada de negocia\u00e7\u00e3o s\u00f3 confirmou a import\u00e2ncia da mobiliza\u00e7\u00e3o dos banc\u00e1rios na defesa da CCT e da mesa \u00fanica de negocia\u00e7\u00e3o\u201d, avalia. \u201cQueremos negocia\u00e7\u00e3o com seriedade. Nossa CCT est\u00e1 em risco, assim como todos os direitos da categoria, inclusive nossa PLR e a mesa unificada nacional entre bancos p\u00fablicos e privados\u201d, alertou a dirigente.<\/p>\n<p>De janeiro a maio de 2017, foram 13.665 acordos e 1.985 conven\u00e7\u00f5es. Esse ano, com a mudan\u00e7a na lei, no mesmo per\u00edodo foram 3.782 (menos 72%) acordos e 327 conven\u00e7\u00f5es no pa\u00eds (menos 84%), segundo dados do Boletim Salari\u00f4metro, da Funda\u00e7\u00e3o Instituto de Pesquisas Econ\u00f4micas (Fipe).<\/p>\n<p>O Comando apresentou uma proposta de calend\u00e1rio com datas para as pr\u00f3ximas rodadas de negocia\u00e7\u00e3o, mas os bancos marcaram somente para 12 de julho pela manh\u00e3, diante de dificuldades colocadas pela agenda dos negociadores.<\/p>\n<p>\u201cDeixamos com eles nossa proposta para que avaliem um calend\u00e1rio e reafirmamos nossa disposi\u00e7\u00e3o de negociar\u201d, refor\u00e7ou Juvandia.<\/p>\n<p><strong>Mobiliza\u00e7\u00e3o nacional<\/strong><\/p>\n<p>Os banc\u00e1rios devem estar preparados para a luta que ser\u00e1 ainda mais fundamental na Campanha 2018.<\/p>\n<p>Na quinta-feira (5), ser\u00e1 realizado Dia Nacional de Luta em Defesa dos Bancos P\u00fablicos. E em 11 de julho Dia Nacional de Luta em Defesa da CCT e dos direitos da categoria. Os banc\u00e1rios devem usar #TodosPelosDireitos e #AssinaFenaban para ajudar a pressionar os bancos tamb\u00e9m pelas redes sociais.<\/p>\n<\/div>\n<p id=\"page-author\"><span style=\"text-decoration: underline;\"><em><strong>Fonte: Contraf-CUT<\/strong><\/em><\/span><\/p>\n","protected":false},"excerpt":{"rendered":"<p>Diante de um Comando Nacional dos Banc\u00e1rios que se deslocaram de todo o Brasil at\u00e9 S\u00e3o Paulo para a primeira rodada de negocia\u00e7\u00e3o da Campanha 2018, a Federa\u00e7\u00e3o Nacional dos Bancos (Fenaban) frustrou os debates nesta quinta-feira (28). \u201cViemos para a mesa com disposi\u00e7\u00e3o total de negocia\u00e7\u00e3o e a expectativa de sair com um pr\u00e9-acordo [&hellip;]<\/p>\n","protected":false},"author":2,"featured_media":4670,"comment_status":"","ping_status":"","sticky":false,"template":"","format":"standard","meta":{"footnotes":""},"categories":[3],"tags":[],"class_list":["post-4671","post","type-post","status-publish","format-standard","has-post-thumbnail","hentry","category-noticias"],"_links":{"self":[{"href":"https:\/\/hostnetart.com.br\/baixada\/wp-json\/wp\/v2\/posts\/4671","targetHints":{"allow":["GET"]}}],"collection":[{"href":"https:\/\/hostnetart.com.br\/baixada\/wp-json\/wp\/v2\/posts"}],"about":[{"href":"https:\/\/hostnetart.com.br\/baixada\/wp-json\/wp\/v2\/types\/post"}],"author":[{"embeddable":true,"href":"https:\/\/hostnetart.com.br\/baixada\/wp-json\/wp\/v2\/users\/2"}],"replies":[{"embeddable":true,"href":"https:\/\/hostnetart.com.br\/baixada\/wp-json\/wp\/v2\/comments?post=4671"}],"version-history":[{"count":0,"href":"https:\/\/hostnetart.com.br\/baixada\/wp-json\/wp\/v2\/posts\/4671\/revisions"}],"wp:featuredmedia":[{"embeddable":true,"href":"https:\/\/hostnetart.com.br\/baixada\/wp-json\/wp\/v2\/media\/4670"}],"wp:attachment":[{"href":"https:\/\/hostnetart.com.br\/baixada\/wp-json\/wp\/v2\/media?parent=4671"}],"wp:term":[{"taxonomy":"category","embeddable":true,"href":"https:\/\/hostnetart.com.br\/baixada\/wp-json\/wp\/v2\/categories?post=4671"},{"taxonomy":"post_tag","embeddable":true,"href":"https:\/\/hostnetart.com.br\/baixada\/wp-json\/wp\/v2\/tags?post=4671"}],"curies":[{"name":"wp","href":"https:\/\/api.w.org\/{rel}","templated":true}]}}