{"id":4665,"date":"2018-06-28T16:29:01","date_gmt":"2018-06-28T19:29:01","guid":{"rendered":"https:\/\/hostnetart.com.br\/baixada\/dia-internacional-do-orgulho-lgbt-e-celebrado-nesta-quinta-28\/"},"modified":"2018-06-28T16:29:01","modified_gmt":"2018-06-28T19:29:01","slug":"dia-internacional-do-orgulho-lgbt-e-celebrado-nesta-quinta-28","status":"publish","type":"post","link":"https:\/\/hostnetart.com.br\/baixada\/dia-internacional-do-orgulho-lgbt-e-celebrado-nesta-quinta-28\/","title":{"rendered":"Dia Internacional do Orgulho LGBT \u00e9 celebrado nesta quinta (28)"},"content":{"rendered":"<div class=\"content\">\n<p>O Dia Internacional do Orgulho LGBT \u00e9 celebrado anualmente em 28 de junho em todo o mundo. Hoje tamb\u00e9m \u00e9 reconhecido como dia do Orgulho LGBTQI(Lesbicas, Gays, Bissexuais, Transexuais, Queer e Intersex). Esta data tem como objetivo\u00a0dar visibilidade e conscientizar a popula\u00e7\u00e3o sobre a import\u00e2ncia do combate \u00e0 discrimina\u00e7\u00e3o, no caso a Lgbtfobia, para a constru\u00e7\u00e3o de uma sociedade livre de preconceitos e igualit\u00e1ria.<\/p>\n<p>A data marca a luta pelos direitos, que teve in\u00edcio em Stonewal, Nova York, em 1969, contra repres\u00e1lias de autoridades locais para reprimir a comunidade gay. De acordo com Adilson Barros, diretor executivo da Contraf-CUT, esta luta \u00e9 de todos e o importante \u00e9 ser respeitado como ser humano e ter seus direitos garantidos e independente da orienta\u00e7\u00e3o sexual. \u201c\u00c9 preciso continuar resistindo para manter nossos direitos e impedir o avan\u00e7o do conservadorismo e o aumento da violencia a comunidade LGBT. O Brasil \u00e9 o pa\u00eds que mais mata no mundo, um LGBT \u00e9 assassinado a cada 19 horas, s\u00e3o centenas de vidas ceifadas por crime de \u00f3dio. \u00c9 preciso barrar tamanha intolerancia. LGBT tem direito a sua cidadania e acima de tudo amar\u201d, disse.<\/p>\n<p>A declara\u00e7\u00e3o Universal dos Direitos Humanos reconhece que as pessoas nascem livres e iguais em dignidade e direitos. A Constitui\u00e7\u00e3o Federal afirma que todos s\u00e3o iguais perante a lei, sem distin\u00e7\u00e3o de qualquer natureza. \u201cTodas as pessoas devem ser respeitadas e tratadas igualmente por quem quer que seja, inclusive pelo Estado. Precisamos garantir e evitar a vontade de alguns e retroceder\u201d, afirmou Adilson.<\/p>\n<p>Segundo o diretor executivo da Contraf-CUT, a comunidade LGBT sofre com tanta viol\u00eancia e descaso de autoridades, seja em qualquer esfera da sociedade, isto inclui o mundo do trabalho. \u201cMuitos s\u00e3o perseguidos e rejeitados por ter sua orienta\u00e7\u00e3o sexual definida. As condi\u00e7\u00f5es no atual Governo golpista pioram cada vez mais. Precisamos nos organizar e resistir e unificar todas as lutas para impedir o atraso e ataques aos direitos\u201d, finalizou.<\/p>\n<\/div>\n<p id=\"page-author\"><strong>Fonte: Contraf-CUT<\/strong><\/p>\n","protected":false},"excerpt":{"rendered":"<p>O Dia Internacional do Orgulho LGBT \u00e9 celebrado anualmente em 28 de junho em todo o mundo. Hoje tamb\u00e9m \u00e9 reconhecido como dia do Orgulho LGBTQI(Lesbicas, Gays, Bissexuais, Transexuais, Queer e Intersex). Esta data tem como objetivo\u00a0dar visibilidade e conscientizar a popula\u00e7\u00e3o sobre a import\u00e2ncia do combate \u00e0 discrimina\u00e7\u00e3o, no caso a Lgbtfobia, para a [&hellip;]<\/p>\n","protected":false},"author":2,"featured_media":4664,"comment_status":"","ping_status":"","sticky":false,"template":"","format":"standard","meta":{"footnotes":""},"categories":[3],"tags":[],"class_list":["post-4665","post","type-post","status-publish","format-standard","has-post-thumbnail","hentry","category-noticias"],"_links":{"self":[{"href":"https:\/\/hostnetart.com.br\/baixada\/wp-json\/wp\/v2\/posts\/4665","targetHints":{"allow":["GET"]}}],"collection":[{"href":"https:\/\/hostnetart.com.br\/baixada\/wp-json\/wp\/v2\/posts"}],"about":[{"href":"https:\/\/hostnetart.com.br\/baixada\/wp-json\/wp\/v2\/types\/post"}],"author":[{"embeddable":true,"href":"https:\/\/hostnetart.com.br\/baixada\/wp-json\/wp\/v2\/users\/2"}],"replies":[{"embeddable":true,"href":"https:\/\/hostnetart.com.br\/baixada\/wp-json\/wp\/v2\/comments?post=4665"}],"version-history":[{"count":0,"href":"https:\/\/hostnetart.com.br\/baixada\/wp-json\/wp\/v2\/posts\/4665\/revisions"}],"wp:featuredmedia":[{"embeddable":true,"href":"https:\/\/hostnetart.com.br\/baixada\/wp-json\/wp\/v2\/media\/4664"}],"wp:attachment":[{"href":"https:\/\/hostnetart.com.br\/baixada\/wp-json\/wp\/v2\/media?parent=4665"}],"wp:term":[{"taxonomy":"category","embeddable":true,"href":"https:\/\/hostnetart.com.br\/baixada\/wp-json\/wp\/v2\/categories?post=4665"},{"taxonomy":"post_tag","embeddable":true,"href":"https:\/\/hostnetart.com.br\/baixada\/wp-json\/wp\/v2\/tags?post=4665"}],"curies":[{"name":"wp","href":"https:\/\/api.w.org\/{rel}","templated":true}]}}